{"id":253757,"date":"2026-04-21T12:52:20","date_gmt":"2026-04-21T12:52:20","guid":{"rendered":"https:\/\/www.hotelvisegrad.hu\/turice-s-hotelom-visegrad\/"},"modified":"2026-04-21T12:52:20","modified_gmt":"2026-04-21T12:52:20","slug":"turice-s-hotelom-visegrad","status":"publish","type":"post","link":"https:\/\/www.hotelvisegrad.hu\/sk\/turice-s-hotelom-visegrad\/","title":{"rendered":"Tur\u00edce s Hotelom Visegr\u00e1d"},"content":{"rendered":"<p><strong>V term\u00edne od 22. do 25. m\u00e1ja v\u00e1s \u010dak\u00e1 skuto\u010dn\u00fd jarn\u00fd program pln\u00fd z\u00e1\u017eitkov &#8211; navy\u0161e za v\u00fdhodn\u00fa cenu. Bal\u00edk \u201eSviatkov\u00fd v\u00edkend na Tur\u00edce\u201c si m\u00f4\u017eete rezervova\u0165 u\u017e od 94,90 \u20ac \/ osoba \/ noc.<\/strong><\/p>\n<p>V tre\u0165om m\u00e1jovom t\u00fd\u017edni je jar v plnom pr\u00fade &#8211; a je len na v\u00e1s, \u010di sa vyberiete na <a href=\"https:\/\/www.hotelvisegrad.hu\/sk\/sport-a-volny-cas\/pesia-tura-cez-pilisske-vrchy\/\" target=\"_blank\" rel=\"noopener\">t\u00faru do lesa<\/a>, objavova\u0165 zauj\u00edmav\u00e9 kult\u00farne podujatia v meste alebo si doprajete oddych vo wellnesse. Jedno je ist\u00e9: n\u00e1\u0161 bal\u00edk obsahuje v\u0161etko, \u010do patr\u00ed k dokonal\u00e9mu jarn\u00e9mu pobytu vo Vy\u0161ehrade.<\/p>\n<p>Poz\u00fdvame v\u00e1s do Dvora remesiel, kde spozn\u00e1te svet stredovek\u00fdch remesiel. Nav\u0161t\u00edvite <a href=\"https:\/\/www.hotelvisegrad.hu\/sk\/ukazka-rytierskeho-turnaja\/\" target=\"_blank\" rel=\"noopener\">rytiersky turnaj pri \u0160alam\u00fanovej ve\u017ei<\/a> a s poh\u00e1rom v\u00edna v ruke si m\u00f4\u017eete vychutna\u0165 <a href=\"https:\/\/www.hotelvisegrad.hu\/sk\/zazitkova-prechadzka-v-kralovskom-palaci\/\" target=\"_blank\" rel=\"noopener\">n\u00e1dhern\u00e9 priestory b\u00fdval\u00e9ho pal\u00e1ca kr\u00e1\u013ea Mateja<\/a>. Viete, ak\u00e9 je to za\u017ei\u0165 <a href=\"https:\/\/www.hotelvisegrad.hu\/sk\/kralovska-hostina\/\" target=\"_blank\" rel=\"noopener\">stredovek\u00fa hostinu<\/a> na vlastnej ko\u017ei? To zist\u00edte v re\u0161taur\u00e1cii Renaissance.<\/p>\n<p>N\u00e1\u0161 <a href=\"https:\/\/www.hotelvisegrad.hu\/sk\/wellness-rozmaznavanie\/\" target=\"_blank\" rel=\"noopener\">wellness svet<\/a> je pre v\u00e1s otvoren\u00fd denne od 7:30 do 24:00, aby ste mohli zahodi\u0165 jarn\u00fa \u00fanavu a na\u010derpa\u0165 nov\u00fa energiu. A <a href=\"https:\/\/www.hotelvisegrad.hu\/sk\/gastrozazitok\/restauracia-siraly\/\" target=\"_blank\" rel=\"noopener\">re\u0161taur\u00e1cia Sir\u00e1ly<\/a> v\u00e1s po\u010das pobytu pote\u0161\u00ed bohat\u00fdmi bufetov\u00fdmi ra\u0148ajkami a ve\u010derami.<\/p>\n<blockquote class=\"wp-embedded-content\" data-secret=\"U8T65F1Nl2\"><p><a href=\"https:\/\/www.hotelvisegrad.hu\/sk\/sviatkovy-vikend-na-turice-2\/\">Sviatkov\u00fd v\u00edkend na Tur\u00edce<\/a><\/p><\/blockquote>\n<p><iframe loading=\"lazy\" class=\"wp-embedded-content\" sandbox=\"allow-scripts\" security=\"restricted\" style=\"position: absolute; visibility: hidden;\" title=\"&#8220;Sviatkov\u00fd v\u00edkend na Tur\u00edce&#8221; &#8212; Hotel Visegr\u00e1d****\" src=\"https:\/\/www.hotelvisegrad.hu\/sk\/sviatkovy-vikend-na-turice-2\/embed\/#?secret=jj8uqFax74#?secret=U8T65F1Nl2\" data-secret=\"U8T65F1Nl2\" width=\"600\" height=\"338\" frameborder=\"0\" marginwidth=\"0\" marginheight=\"0\" scrolling=\"no\"><\/iframe><\/p>\n","protected":false},"excerpt":{"rendered":"<p>T\u00fa\u017eite po ve\u013ekom jarnom wellness oddychu? V\u00edkend na Tur\u00edce je tu &#8211; a kone\u010dne si ho<br \/>\nm\u00f4\u017eete u\u017ei\u0165 vo Vy\u0161ehrade!<\/p>\n","protected":false},"author":3,"featured_media":19043,"comment_status":"closed","ping_status":"closed","sticky":false,"template":"","format":"standard","meta":{"_et_pb_use_builder":"","_et_pb_old_content":"","_et_gb_content_width":"","footnotes":""},"categories":[1038],"tags":[1090,1045,1072,1044,1299,1366,1029,1193],"class_list":["post-253757","post","type-post","status-publish","format-standard","has-post-thumbnail","hentry","category-blog-sk","tag-kralovska-hostina","tag-restauracia-renaissance","tag-rytiersky-turnaj","tag-salamon-veza","tag-szallas-visegradon-sk","tag-vikend-na-turice","tag-wellness-na-turice","tag-wellness-visegradon-sk"],"_links":{"self":[{"href":"https:\/\/www.hotelvisegrad.hu\/sk\/wp-json\/wp\/v2\/posts\/253757","targetHints":{"allow":["GET"]}}],"collection":[{"href":"https:\/\/www.hotelvisegrad.hu\/sk\/wp-json\/wp\/v2\/posts"}],"about":[{"href":"https:\/\/www.hotelvisegrad.hu\/sk\/wp-json\/wp\/v2\/types\/post"}],"author":[{"embeddable":true,"href":"https:\/\/www.hotelvisegrad.hu\/sk\/wp-json\/wp\/v2\/users\/3"}],"replies":[{"embeddable":true,"href":"https:\/\/www.hotelvisegrad.hu\/sk\/wp-json\/wp\/v2\/comments?post=253757"}],"version-history":[{"count":0,"href":"https:\/\/www.hotelvisegrad.hu\/sk\/wp-json\/wp\/v2\/posts\/253757\/revisions"}],"wp:featuredmedia":[{"embeddable":true,"href":"https:\/\/www.hotelvisegrad.hu\/sk\/wp-json\/wp\/v2\/media\/19043"}],"wp:attachment":[{"href":"https:\/\/www.hotelvisegrad.hu\/sk\/wp-json\/wp\/v2\/media?parent=253757"}],"wp:term":[{"taxonomy":"category","embeddable":true,"href":"https:\/\/www.hotelvisegrad.hu\/sk\/wp-json\/wp\/v2\/categories?post=253757"},{"taxonomy":"post_tag","embeddable":true,"href":"https:\/\/www.hotelvisegrad.hu\/sk\/wp-json\/wp\/v2\/tags?post=253757"}],"curies":[{"name":"wp","href":"https:\/\/api.w.org\/{rel}","templated":true}]}}