{"id":252963,"date":"2025-12-04T15:10:50","date_gmt":"2025-12-04T15:10:50","guid":{"rendered":"https:\/\/www.hotelvisegrad.hu\/3-1-neodolatelny-zimny-program-hotela-visegrad\/"},"modified":"2025-12-04T15:10:50","modified_gmt":"2025-12-04T15:10:50","slug":"3-1-neodolatelny-zimny-program-hotela-visegrad","status":"publish","type":"post","link":"https:\/\/www.hotelvisegrad.hu\/sk\/3-1-neodolatelny-zimny-program-hotela-visegrad\/","title":{"rendered":"3 + 1 neodolate\u013en\u00fd zimn\u00fd program Hotela Visegr\u00e1d"},"content":{"rendered":"<p><strong>N\u00e1\u0161 hotel je rodinn\u00fd podnik, v ktorom u\u017e dve gener\u00e1cie dbaj\u00fa o to, aby ste si ako hostia u\u017eili tak\u00fd oddych, ak\u00fd sami o\u010dak\u00e1vame od na\u0161ich ob\u013e\u00faben\u00fdch miest. Vieme, \u010do potrebuje 6-\u010dlenn\u00e1 rodina, \u010d\u00edm pote\u0161\u00edme star\u0161\u00ed man\u017eelsk\u00fd p\u00e1r na v\u00fdlete do Dunajsk\u00e9ho ohybu a presne ch\u00e1peme aj to, \u010do h\u013eadaj\u00fa mlad\u00e9 p\u00e1ry \u2013 wellness, spa, pokoj, trochu pr\u00edrody a akt\u00edvneho relaxu.<\/strong><\/p>\n<p>Preto je \u00faplne prirodzen\u00e9, \u017ee aj v zimnom obdob\u00ed pon\u00fakame \u0161irok\u00fd v\u00fdber programov. Teraz v\u00e1m v kr\u00e1tkosti predstav\u00edme tri z nich a prid\u00e1me aj jeden bonus navy\u0161e!<\/p>\n<h2>1. Rytiersky turnaj v\u00a0pal\u00e1covom dome &#8211; Palotah\u00e1zi<\/h2>\n<p>Po\u010das zimn\u00fdch mesiacov sa vzru\u0161uj\u00face uk\u00e1\u017eky rytierskeho turnaja R\u00e1du sv. Juraja pres\u00favaj\u00fa zo \u0160alam\u00fanovej ve\u017ee do Palotah\u00e1zu. V \u0161peci\u00e1lne upravenej rytierskej s\u00e1le si m\u00f4\u017eete vychutna\u0165 uk\u00e1\u017eky lukostre\u013eby, vrhac\u00edch zbran\u00ed, sokoliarstva, \u010di s\u00fabojov. Atmosf\u00e9ru dotv\u00e1ra pod\u00e1vanie v\u00edna a nealkoholick\u00fdch n\u00e1pojov pre na\u0161ich host\u00ed.<\/p>\n<p><img loading=\"lazy\" decoding=\"async\" class=\"alignnone wp-image-252799 size-thumbnail\" src=\"https:\/\/www.hotelvisegrad.hu\/wp-content\/uploads\/\/IMG_0622-1024x1024.jpg\" alt=\"\" width=\"1024\" height=\"1024\" \/><\/p>\n<h2>2. Kr\u00e1\u013eovsk\u00e1 hostina v re\u0161taur\u00e1cii Renaissance<\/h2>\n<p>Re\u0161taur\u00e1cia Renaissance, dlhoro\u010dn\u00fd partner n\u00e1\u0161ho hotela, poz\u00fdva host\u00ed na v\u00fdnimo\u010dn\u00fd gastronomick\u00fd z\u00e1\u017eitok \u2013 prav\u00fa kr\u00e1\u013eovsk\u00fa hostinu. Pokrmy a n\u00e1poje pod\u00e1van\u00e9 v historizuj\u00facom \u0161t\u00fdle v\u00e1s prenes\u00fa do obdobia neskor\u00e9ho stredoveku. Za\u017eijete atmosf\u00e9ru, ktor\u00fa si v \u010dasoch Mateja Korv\u00edna mohli dopria\u0165 len pr\u00edslu\u0161n\u00edci \u0161\u013eachty a kr\u00e1\u013eovsk\u00e9ho dvora. Neobmedzen\u00e1 konzum\u00e1cia v\u00edna, osvie\u017euj\u00facich n\u00e1pojov, v\u00fdborn\u00e1 hudba a jedine\u010dn\u00fd z\u00e1\u017eitok \u2013 takto vyzer\u00e1 skuto\u010dn\u00e1 kr\u00e1\u013eovsk\u00e1 hostina vo Vy\u0161ehrade.<\/p>\n<p><img loading=\"lazy\" decoding=\"async\" class=\"alignnone wp-image-12774 size-thumbnail\" src=\"https:\/\/www.hotelvisegrad.hu\/wp-content\/uploads\/\/ren3-1024x850.jpg\" alt=\"\" width=\"1024\" height=\"850\" \/><\/p>\n<h2>3. Ly\u017eovanie a snowboarding<\/h2>\n<p>Ak po\u010dasie dovol\u00ed \u2013 a jeho \u010das v\u017edy pr\u00edde \u2013 poz\u00fdvame v\u00e1s na priate\u013esk\u00fa zjazdovku <strong>Nagyvill\u00e1m<\/strong>! Pre sk\u00fasen\u00fdch ly\u017eiarov s\u00edce nejde o extr\u00e9mnu v\u00fdzvu, no na oddych, v\u00fdu\u010dbu det\u00ed a pohodov\u00e9 \u0161portovanie v kr\u00e1snom prostred\u00ed je ide\u00e1lna. A ten v\u00fdh\u013ead? Svetov\u00e1 trieda!<\/p>\n<p><img loading=\"lazy\" decoding=\"async\" class=\"alignnone wp-image-12378 size-full\" src=\"https:\/\/www.hotelvisegrad.hu\/wp-content\/uploads\/sipalya-visegrad.jpg\" alt=\"\" width=\"1000\" height=\"667\" srcset=\"https:\/\/www.hotelvisegrad.hu\/wp-content\/uploads\/sipalya-visegrad.jpg 1000w, https:\/\/www.hotelvisegrad.hu\/wp-content\/uploads\/sipalya-visegrad-980x654.jpg 980w, https:\/\/www.hotelvisegrad.hu\/wp-content\/uploads\/sipalya-visegrad-480x320.jpg 480w\" sizes=\"(min-width: 0px) and (max-width: 480px) 480px, (min-width: 481px) and (max-width: 980px) 980px, (min-width: 981px) 1000px, 100vw\" \/><\/p>\n<h2>+1 Bonus: Alpsk\u00e1 bobov\u00e1 dr\u00e1ha<\/h2>\n<p>Bobov\u00e1 dr\u00e1ha na svahu Nagyvill\u00e1m je jedine\u010dn\u00e1 atrakcia \u2013 letn\u00e1 \u010das\u0165 trate je vyu\u017eite\u013en\u00e1 len za sucha, no <strong>zimn\u00e1 alpsk\u00e1 dr\u00e1ha<\/strong> je ako stvoren\u00e1 na zimn\u00e9 bobovanie. Skvel\u00fd program pre p\u00e1ry, rodiny aj partie priate\u013eov, ktor\u00ed chc\u00fa svoj pobyt vo Vy\u0161ehrade obohati\u0165 o trochu adrenal\u00ednu.<\/p>\n<div id=\"attachment_22938\" style=\"width: 1034px\" class=\"wp-caption alignnone\"><img loading=\"lazy\" decoding=\"async\" aria-describedby=\"caption-attachment-22938\" class=\"wp-image-22935 size-thumbnail\" src=\"https:\/\/www.hotelvisegrad.hu\/wp-content\/uploads\/\/dmoha20200117008-e1579285274677-1024x1024.jpg\" alt=\"\" width=\"1024\" height=\"1024\" \/><p id=\"caption-attachment-22938\" class=\"wp-caption-text\">Vy\u0161ehrad, 17. janu\u00e1ra 2020<br \/>Hmla pokr\u00fdva stromy v lese obklopuj\u00facom Vy\u0161ehradsk\u00fa citadelu v hmlistom po\u010das\u00ed pri v\u00fdchode slnka 17. janu\u00e1ra 2020.<br \/>MTI\/Mohai Bal\u00e1zs<\/p><\/div>\n<p>&nbsp;<\/p>\n","protected":false},"excerpt":{"rendered":"<p>\u017de vraj v zime nie je \u010do robi\u0165? To ur\u010dite neplat\u00ed pre Hotel Visegr\u00e1d.<\/p>\n","protected":false},"author":3,"featured_media":252802,"comment_status":"closed","ping_status":"closed","sticky":false,"template":"","format":"standard","meta":{"_et_pb_use_builder":"","_et_pb_old_content":"","_et_gb_content_width":"","footnotes":""},"categories":[1038],"tags":[1533,1090,1684,1630,1045,1072,1299,1532],"class_list":["post-252963","post","type-post","status-publish","format-standard","has-post-thumbnail","hentry","category-blog-sk","tag-bobova-draha","tag-kralovska-hostina","tag-lyziarske-stredisko-vo-vysehrade","tag-palac","tag-restauracia-renaissance","tag-rytiersky-turnaj","tag-szallas-visegradon-sk","tag-zimne-programy-vo-vysehrade"],"_links":{"self":[{"href":"https:\/\/www.hotelvisegrad.hu\/sk\/wp-json\/wp\/v2\/posts\/252963","targetHints":{"allow":["GET"]}}],"collection":[{"href":"https:\/\/www.hotelvisegrad.hu\/sk\/wp-json\/wp\/v2\/posts"}],"about":[{"href":"https:\/\/www.hotelvisegrad.hu\/sk\/wp-json\/wp\/v2\/types\/post"}],"author":[{"embeddable":true,"href":"https:\/\/www.hotelvisegrad.hu\/sk\/wp-json\/wp\/v2\/users\/3"}],"replies":[{"embeddable":true,"href":"https:\/\/www.hotelvisegrad.hu\/sk\/wp-json\/wp\/v2\/comments?post=252963"}],"version-history":[{"count":0,"href":"https:\/\/www.hotelvisegrad.hu\/sk\/wp-json\/wp\/v2\/posts\/252963\/revisions"}],"wp:featuredmedia":[{"embeddable":true,"href":"https:\/\/www.hotelvisegrad.hu\/sk\/wp-json\/wp\/v2\/media\/252802"}],"wp:attachment":[{"href":"https:\/\/www.hotelvisegrad.hu\/sk\/wp-json\/wp\/v2\/media?parent=252963"}],"wp:term":[{"taxonomy":"category","embeddable":true,"href":"https:\/\/www.hotelvisegrad.hu\/sk\/wp-json\/wp\/v2\/categories?post=252963"},{"taxonomy":"post_tag","embeddable":true,"href":"https:\/\/www.hotelvisegrad.hu\/sk\/wp-json\/wp\/v2\/tags?post=252963"}],"curies":[{"name":"wp","href":"https:\/\/api.w.org\/{rel}","templated":true}]}}