{"id":252937,"date":"2025-11-20T09:30:52","date_gmt":"2025-11-20T09:30:52","guid":{"rendered":"https:\/\/www.hotelvisegrad.hu\/zarezervujte-si-vopred-svoju-oblubenu-izbu-na-zimny-wellness-oddych\/"},"modified":"2025-11-20T09:30:52","modified_gmt":"2025-11-20T09:30:52","slug":"zarezervujte-si-vopred-svoju-oblubenu-izbu-na-zimny-wellness-oddych","status":"publish","type":"post","link":"https:\/\/www.hotelvisegrad.hu\/sk\/zarezervujte-si-vopred-svoju-oblubenu-izbu-na-zimny-wellness-oddych\/","title":{"rendered":"Zarezervujte si vopred svoju ob\u013e\u00faben\u00fa izbu na zimn\u00fd wellness oddych!"},"content":{"rendered":"<p><strong>Zima u\u017e nie je \u010faleko. A ak patr\u00edte k t\u00fdm, ktor\u00ed radi pl\u00e1nuj\u00fa vopred, mo\u017eno u\u017e teraz mysl\u00edte na zimn\u00fd wellness pobyt. Vyberte si ten najlep\u0161\u00ed term\u00edn! Rezervujte si svoju ob\u013e\u00faben\u00fa izbu! A potom sa u\u017e len pohodlne usa\u010fte do kresla s dokonal\u00fdm pocitom pokoja\u2026<\/strong><\/p>\n<p>Zimn\u00fd Vy\u0161ehrad m\u00e1 neopakovate\u013en\u00e9 \u010daro \u2013 ticho, pokoj, zasne\u017een\u00e9 uli\u010dky a v\u00fdh\u013ead na vrch s hradom pod bielou pokr\u00fdvkou. Ke\u010f napadne prv\u00fd sneh, ke\u010f ve\u013ek\u00e9 m\u00e4kk\u00e9 vlo\u010dky prikryj\u00fa kon\u00e1re stromov a sneh pod nohami kr\u00e1sne v\u0155zga, ako kedysi, ke\u010f sme ako deti \u0165ahali za sebou s\u00e1nky a v\u00f4bec nez\u00e1le\u017ealo na tom, \u017ee sa u\u017e stmieva, lebo doma n\u00e1s \u010dakala teplu\u010dk\u00e1 izba \u2013 kto by odolal malej prech\u00e1dzke ulicou Salamontorony?<\/p>\n<p>Pod\u013eahnite tomuto k\u00fazlu a doprajte si star\u00fd dobr\u00fd zimn\u00fd Vy\u0161ehrad! Zarezervujte si e\u0161te dnes izbu, ktor\u00e1 je pre v\u00e1s u\u017e ako \u201eva\u0161a vlastn\u00e1\u201c, a sta\u0148te sa op\u00e4\u0165 hos\u0165ami Hotela Visegr\u00e1d.<\/p>\n<blockquote class=\"wp-embedded-content\" data-secret=\"YC9reqtjas\"><p><a href=\"https:\/\/www.hotelvisegrad.hu\/sk\/zimne-zahriatie-vo-wellness\/\">Zimn\u00e9 zahriatie vo wellness<\/a><\/p><\/blockquote>\n<p><iframe loading=\"lazy\" class=\"wp-embedded-content\" sandbox=\"allow-scripts\" security=\"restricted\" style=\"position: absolute; visibility: hidden;\" title=\"&#8220;Zimn\u00e9 zahriatie vo wellness&#8221; &#8212; Hotel Visegr\u00e1d****\" src=\"https:\/\/www.hotelvisegrad.hu\/sk\/zimne-zahriatie-vo-wellness\/embed\/#?secret=r6kRPAAezW#?secret=YC9reqtjas\" data-secret=\"YC9reqtjas\" width=\"600\" height=\"338\" frameborder=\"0\" marginwidth=\"0\" marginheight=\"0\" scrolling=\"no\"><\/iframe><\/p>\n<p>&nbsp;<\/p>\n","protected":false},"excerpt":{"rendered":"<p>Vr\u00e1\u0165te sa sp\u00e4\u0165 do \u010dias detstva a za\u017eite op\u00e4\u0165 t\u00fa \u010darovn\u00fa zimn\u00fa atmosf\u00e9ru Vy\u0161ehradu!<\/p>\n","protected":false},"author":3,"featured_media":252921,"comment_status":"closed","ping_status":"closed","sticky":false,"template":"","format":"standard","meta":{"_et_pb_use_builder":"","_et_pb_old_content":"","_et_gb_content_width":"","footnotes":""},"categories":[1038],"tags":[1669,1670,1299,1288,1668],"class_list":["post-252937","post","type-post","status-publish","format-standard","has-post-thumbnail","hentry","category-blog-sk","tag-detska-zima","tag-romanticky-wellness","tag-szallas-visegradon-sk","tag-teli-wellness-sk","tag-zimny-vysehrad"],"_links":{"self":[{"href":"https:\/\/www.hotelvisegrad.hu\/sk\/wp-json\/wp\/v2\/posts\/252937","targetHints":{"allow":["GET"]}}],"collection":[{"href":"https:\/\/www.hotelvisegrad.hu\/sk\/wp-json\/wp\/v2\/posts"}],"about":[{"href":"https:\/\/www.hotelvisegrad.hu\/sk\/wp-json\/wp\/v2\/types\/post"}],"author":[{"embeddable":true,"href":"https:\/\/www.hotelvisegrad.hu\/sk\/wp-json\/wp\/v2\/users\/3"}],"replies":[{"embeddable":true,"href":"https:\/\/www.hotelvisegrad.hu\/sk\/wp-json\/wp\/v2\/comments?post=252937"}],"version-history":[{"count":0,"href":"https:\/\/www.hotelvisegrad.hu\/sk\/wp-json\/wp\/v2\/posts\/252937\/revisions"}],"wp:featuredmedia":[{"embeddable":true,"href":"https:\/\/www.hotelvisegrad.hu\/sk\/wp-json\/wp\/v2\/media\/252921"}],"wp:attachment":[{"href":"https:\/\/www.hotelvisegrad.hu\/sk\/wp-json\/wp\/v2\/media?parent=252937"}],"wp:term":[{"taxonomy":"category","embeddable":true,"href":"https:\/\/www.hotelvisegrad.hu\/sk\/wp-json\/wp\/v2\/categories?post=252937"},{"taxonomy":"post_tag","embeddable":true,"href":"https:\/\/www.hotelvisegrad.hu\/sk\/wp-json\/wp\/v2\/tags?post=252937"}],"curies":[{"name":"wp","href":"https:\/\/api.w.org\/{rel}","templated":true}]}}