{"id":252526,"date":"2025-08-11T06:58:14","date_gmt":"2025-08-11T06:58:14","guid":{"rendered":"https:\/\/www.hotelvisegrad.hu\/organizovane-jesenne-cyklisticke-vylety-vo-vysehrade\/"},"modified":"2025-08-11T06:58:14","modified_gmt":"2025-08-11T06:58:14","slug":"organizovane-jesenne-cyklisticke-vylety-vo-vysehrade","status":"publish","type":"post","link":"https:\/\/www.hotelvisegrad.hu\/sk\/organizovane-jesenne-cyklisticke-vylety-vo-vysehrade\/","title":{"rendered":"Organizovan\u00e9 jesenn\u00e9 cyklistick\u00e9 v\u00fdlety vo Vy\u0161ehrade"},"content":{"rendered":"<p><strong>Toto leto je n\u00e1dhern\u00e9, no my sa u\u017e s ve\u013ek\u00fdm nad\u0161en\u00edm pripravujeme aj na jese\u0148 \u2013 \u010dak\u00e1 n\u00e1s toti\u017e mno\u017estvo pr\u00edle\u017eitost\u00ed, tak\u017ee niet divu, \u017ee sme u\u017e naplno v organiza\u010dnom m\u00f3de.<\/strong><\/p>\n<p>Hne\u010f v\u00e1m predstav\u00edme jednu z na\u0161ich najzauj\u00edmavej\u0161\u00edch outdoorov\u00fdch mo\u017enost\u00ed \u2013 pre dobrodru\u017en\u00fdch hotelov\u00fdch host\u00ed, ktor\u00ed chc\u00fa nasadn\u00fa\u0165 na bicykel a spozna\u0165 trasy v pohor\u00ed Pilis, \u010di u\u017e vyr\u00e1\u017eaj\u00fa z Vy\u0161ehradu alebo n\u00edm len prech\u00e1dzaj\u00fa.<\/p>\n<p>Nech sa rozhodnete vyrazi\u0165 so sk\u00fasen\u00fdm sprievodcom, s rodinou alebo priate\u013emi, radi v\u00e1s podpor\u00edme \u2013 m\u00e1me pre v\u00e1s kvalitn\u00e9 bicykle, mapy s preh\u013eadom najlep\u0161\u00edch tr\u00e1s a samozrejme aj pomoc na\u0161ich sprievodcov, ak si to budete pria\u0165.<\/p>\n<p>Kliknite na obr\u00e1zok a zistite viac!<\/p>\n<blockquote class=\"wp-embedded-content\" data-secret=\"3auMqcn2os\"><p><a href=\"https:\/\/www.hotelvisegrad.hu\/sk\/sport-a-volny-cas\/cyklistika\/\">Ker\u00e9kp\u00e1rt\u00fara<\/a><\/p><\/blockquote>\n<p><iframe loading=\"lazy\" class=\"wp-embedded-content\" sandbox=\"allow-scripts\" security=\"restricted\" style=\"position: absolute; visibility: hidden;\" title=\"&#8220;Ker\u00e9kp\u00e1rt\u00fara&#8221; &#8212; Hotel Visegr\u00e1d****\" src=\"https:\/\/www.hotelvisegrad.hu\/sk\/sport-a-volny-cas\/cyklistika\/embed\/#?secret=lBuPdZf7E4#?secret=3auMqcn2os\" data-secret=\"3auMqcn2os\" width=\"600\" height=\"338\" frameborder=\"0\" marginwidth=\"0\" marginheight=\"0\" scrolling=\"no\"><\/iframe><\/p>\n","protected":false},"excerpt":{"rendered":"<p>Objavte kr\u00e1sny jesenn\u00fd Vy\u0161ehrad na dvoch koles\u00e1ch! Rezervujte si teraz!<\/p>\n","protected":false},"author":3,"featured_media":19155,"comment_status":"closed","ping_status":"closed","sticky":false,"template":"","format":"standard","meta":{"_et_pb_use_builder":"","_et_pb_old_content":"","_et_gb_content_width":"","footnotes":""},"categories":[1038],"tags":[1643,1531,1644,1299,1303,1645],"class_list":["post-252526","post","type-post","status-publish","format-standard","has-post-thumbnail","hentry","category-blog-sk","tag-cyklistika","tag-hotel-visegrad-sk-3","tag-outdoor-programy","tag-szallas-visegradon-sk","tag-tura-v-pilisskych-vrhoch","tag-visegrad-outdoor-sk"],"_links":{"self":[{"href":"https:\/\/www.hotelvisegrad.hu\/sk\/wp-json\/wp\/v2\/posts\/252526","targetHints":{"allow":["GET"]}}],"collection":[{"href":"https:\/\/www.hotelvisegrad.hu\/sk\/wp-json\/wp\/v2\/posts"}],"about":[{"href":"https:\/\/www.hotelvisegrad.hu\/sk\/wp-json\/wp\/v2\/types\/post"}],"author":[{"embeddable":true,"href":"https:\/\/www.hotelvisegrad.hu\/sk\/wp-json\/wp\/v2\/users\/3"}],"replies":[{"embeddable":true,"href":"https:\/\/www.hotelvisegrad.hu\/sk\/wp-json\/wp\/v2\/comments?post=252526"}],"version-history":[{"count":0,"href":"https:\/\/www.hotelvisegrad.hu\/sk\/wp-json\/wp\/v2\/posts\/252526\/revisions"}],"wp:featuredmedia":[{"embeddable":true,"href":"https:\/\/www.hotelvisegrad.hu\/sk\/wp-json\/wp\/v2\/media\/19155"}],"wp:attachment":[{"href":"https:\/\/www.hotelvisegrad.hu\/sk\/wp-json\/wp\/v2\/media?parent=252526"}],"wp:term":[{"taxonomy":"category","embeddable":true,"href":"https:\/\/www.hotelvisegrad.hu\/sk\/wp-json\/wp\/v2\/categories?post=252526"},{"taxonomy":"post_tag","embeddable":true,"href":"https:\/\/www.hotelvisegrad.hu\/sk\/wp-json\/wp\/v2\/tags?post=252526"}],"curies":[{"name":"wp","href":"https:\/\/api.w.org\/{rel}","templated":true}]}}