{"id":252517,"date":"2025-07-31T12:31:58","date_gmt":"2025-07-31T12:31:58","guid":{"rendered":"https:\/\/www.hotelvisegrad.hu\/pripravte-sa-na-jesen-s-hotelom-visegrad\/"},"modified":"2025-07-31T12:31:58","modified_gmt":"2025-07-31T12:31:58","slug":"pripravte-sa-na-jesen-s-hotelom-visegrad","status":"publish","type":"post","link":"https:\/\/www.hotelvisegrad.hu\/sk\/pripravte-sa-na-jesen-s-hotelom-visegrad\/","title":{"rendered":"Pripravte sa na jese\u0148 s Hotelom Visegr\u00e1d"},"content":{"rendered":"<p><strong>Jese\u0148 sa bl\u00ed\u017ei \u2013 mo\u017eno r\u00fdchlej\u0161ie ako pri\u0161lo leto. To v\u0161ak neznamen\u00e1, \u017ee by ste si nemali dopria\u0165 oddych. Vy\u0161ehrad je toti\u017e v ka\u017edom ro\u010dnom obdob\u00ed mal\u00fdm ostrovom pokoja uprostred siv\u00e9ho mora ka\u017edodenn\u00e9ho zhonu. Jese\u0148 je na\u0161e ob\u013e\u00faben\u00e9 ro\u010dn\u00e9 obdobie.<\/strong><\/p>\n<p>Na jese\u0148 \u0161tartuj\u00fa tie najkraj\u0161ie lesn\u00e9 t\u00fary, je ide\u00e1lny \u010das vyrazi\u0165 na bicykel bez ob\u00e1v z hor\u00fa\u010dav a v\u00edkendy v\u00e1m spr\u00edjemn\u00edme bezplatn\u00fdmi sobotn\u00fdmi aktivitami. Tak\u017ee, ak s nami zostanete aj cez v\u00edkend, m\u00f4\u017eete sa te\u0161i\u0165 na organizovan\u00fd rytiersky turnaj, jogu \u010di aquafitness.<\/p>\n<p>A to nie je v\u0161etko \u2013 na najfarebnej\u0161ie obdobie roka pripravujeme to\u013eko noviniek, \u017ee v\u00e1m m\u00f4\u017eeme odporu\u010di\u0165 len jedno:<\/p>\n<p><strong>Kliknite na odkaz ni\u017e\u0161ie, pozrite si na\u0161e jesenn\u00e9 bal\u00ed\u010dky a rezervujte si pobyt e\u0161te dnes!<\/strong><\/p>\n<blockquote class=\"wp-embedded-content\" data-secret=\"PUVOpKjgqG\"><p><a href=\"https:\/\/www.hotelvisegrad.hu\/sk\/jesenny-odpocinok\/\">Jesenn\u00fd odpo\u010dinok<\/a><\/p><\/blockquote>\n<p><iframe loading=\"lazy\" class=\"wp-embedded-content\" sandbox=\"allow-scripts\" security=\"restricted\" style=\"position: absolute; visibility: hidden;\" title=\"&#8220;Jesenn\u00fd odpo\u010dinok&#8221; &#8212; Hotel Visegr\u00e1d****\" src=\"https:\/\/www.hotelvisegrad.hu\/sk\/jesenny-odpocinok\/embed\/#?secret=b4vcCtaHfR#?secret=PUVOpKjgqG\" data-secret=\"PUVOpKjgqG\" width=\"600\" height=\"338\" frameborder=\"0\" marginwidth=\"0\" marginheight=\"0\" scrolling=\"no\"><\/iframe><\/p>\n","protected":false},"excerpt":{"rendered":"<p>Jesenn\u00fd wellness oddych vo Vy\u0161ehrade.<\/p>\n","protected":false},"author":3,"featured_media":250892,"comment_status":"closed","ping_status":"closed","sticky":false,"template":"","format":"standard","meta":{"_et_pb_use_builder":"","_et_pb_old_content":"","_et_gb_content_width":"","footnotes":""},"categories":[1038],"tags":[1638,1636,1295,1639,1090,1098,1626,1072,1637,1299],"class_list":["post-252517","post","type-post","status-publish","format-standard","has-post-thumbnail","hentry","category-blog-sk","tag-aquafitness-sk","tag-jesenne-wellness-akcie","tag-jesenny-wellness","tag-joga-sk","tag-kralovska-hostina","tag-kralovsky-palac","tag-renesancna-restauracia","tag-rytiersky-turnaj","tag-spa-sk","tag-szallas-visegradon-sk"],"_links":{"self":[{"href":"https:\/\/www.hotelvisegrad.hu\/sk\/wp-json\/wp\/v2\/posts\/252517","targetHints":{"allow":["GET"]}}],"collection":[{"href":"https:\/\/www.hotelvisegrad.hu\/sk\/wp-json\/wp\/v2\/posts"}],"about":[{"href":"https:\/\/www.hotelvisegrad.hu\/sk\/wp-json\/wp\/v2\/types\/post"}],"author":[{"embeddable":true,"href":"https:\/\/www.hotelvisegrad.hu\/sk\/wp-json\/wp\/v2\/users\/3"}],"replies":[{"embeddable":true,"href":"https:\/\/www.hotelvisegrad.hu\/sk\/wp-json\/wp\/v2\/comments?post=252517"}],"version-history":[{"count":0,"href":"https:\/\/www.hotelvisegrad.hu\/sk\/wp-json\/wp\/v2\/posts\/252517\/revisions"}],"wp:featuredmedia":[{"embeddable":true,"href":"https:\/\/www.hotelvisegrad.hu\/sk\/wp-json\/wp\/v2\/media\/250892"}],"wp:attachment":[{"href":"https:\/\/www.hotelvisegrad.hu\/sk\/wp-json\/wp\/v2\/media?parent=252517"}],"wp:term":[{"taxonomy":"category","embeddable":true,"href":"https:\/\/www.hotelvisegrad.hu\/sk\/wp-json\/wp\/v2\/categories?post=252517"},{"taxonomy":"post_tag","embeddable":true,"href":"https:\/\/www.hotelvisegrad.hu\/sk\/wp-json\/wp\/v2\/tags?post=252517"}],"curies":[{"name":"wp","href":"https:\/\/api.w.org\/{rel}","templated":true}]}}