{"id":252498,"date":"2025-07-17T10:09:26","date_gmt":"2025-07-17T10:09:26","guid":{"rendered":"https:\/\/www.hotelvisegrad.hu\/specialna-ponuka-pre-nasich-hosti-nad-62-rokov\/"},"modified":"2025-07-17T10:09:26","modified_gmt":"2025-07-17T10:09:26","slug":"specialna-ponuka-pre-nasich-hosti-nad-62-rokov","status":"publish","type":"post","link":"https:\/\/www.hotelvisegrad.hu\/sk\/specialna-ponuka-pre-nasich-hosti-nad-62-rokov\/","title":{"rendered":"\u0160peci\u00e1lna ponuka pre na\u0161ich host\u00ed nad 62 rokov"},"content":{"rendered":"<p><strong>Bal\u00ed\u010dek \u201eDuchom mlad\u00ed\u201c \u2013 oddych vo Vy\u0161ehrade pre t\u00fdch, ktor\u00ed si u\u017e\u00edvaj\u00fa svoju druh\u00fa mlados\u0165<\/strong><\/p>\n<p><strong>Bal\u00ed\u010dkom \u201eDuchom mlad\u00ed\u201c chceme s \u00factou oslovi\u0165 v\u0161etk\u00fdch na\u0161ich bud\u00facich host\u00ed, ktor\u00ed si naplno vychutn\u00e1vaj\u00fa svoju druh\u00fa mlados\u0165 a radi by po\u010das svojich ciest zav\u00edtali aj do n\u00e1\u0161ho kr\u00e1sneho mesta \u2013 Vy\u0161ehradu.<\/strong><\/p>\n<p>Tento bal\u00ed\u010dek je v podstate v\u00fdhodnou wellness ponukou po\u010das v\u0161edn\u00fdch dn\u00ed, pri ktorej nie je potrebn\u00e1 \u017eiadna platba vopred, rezerv\u00e1ciu je mo\u017en\u00e9 kedyko\u013evek zru\u0161i\u0165 alebo presun\u00fa\u0165 na in\u00fd term\u00edn \u2013 dokonca aj na posledn\u00fa chv\u00ed\u013eu.<\/p>\n<p>No to najl\u00e1kavej\u0161ie?<br \/>\nU\u017e od <strong>70,90 \u20ac \/ osoba \/ noc<\/strong> \u2013 \u010do je ponuka, ktor\u00e1 sa naozaj neodmieta, najm\u00e4 ke\u010f zah\u0155\u0148a:<\/p>\n<ul>\n<li>bohat\u00e9 ra\u0148ajky a ve\u010dere formou bufetov\u00fdch stolov<\/li>\n<li>jednu kr\u00e1\u013eovsk\u00fa hostinu v re\u0161taur\u00e1cii Renaissance<\/li>\n<li>neobmedzen\u00fd vstup do wellness centra (denne od 07:30 do 24:00)<\/li>\n<li>mo\u017enos\u0165 z\u00fa\u010dastni\u0165 sa na uk\u00e1\u017eke rytierskeho turnaja, alebo \u2013 ak sa pr\u00e1ve nekon\u00e1 \u2013 n\u00e1v\u0161tevy Kr\u00e1\u013eovsk\u00e9ho pal\u00e1ca so sprievodcom<\/li>\n<\/ul>\n<p>Tento bal\u00edk je jednoducho <strong>skvelou vo\u013ebou za v\u00fdnimo\u010dn\u00fa cenu<\/strong> \u2013 ot\u00e1zka znie: Kedy pr\u00eddete?<\/p>\n<blockquote class=\"wp-embedded-content\" data-secret=\"6g5T9rV4tP\"><p><a href=\"https:\/\/www.hotelvisegrad.hu\/sk\/duchom-mladi-wellness-dovolenka-cez-tyzden\/\">Duchom mlad\u00ed &#8211; wellness dovolenka cez t\u00fd\u017ede\u0148<\/a><\/p><\/blockquote>\n<p><iframe loading=\"lazy\" class=\"wp-embedded-content\" sandbox=\"allow-scripts\" security=\"restricted\" style=\"position: absolute; visibility: hidden;\" title=\"&#8220;Duchom mlad\u00ed &#8211; wellness dovolenka cez t\u00fd\u017ede\u0148&#8221; &#8212; Hotel Visegr\u00e1d****\" src=\"https:\/\/www.hotelvisegrad.hu\/sk\/duchom-mladi-wellness-dovolenka-cez-tyzden\/embed\/#?secret=34YKH4SoU8#?secret=6g5T9rV4tP\" data-secret=\"6g5T9rV4tP\" width=\"600\" height=\"338\" frameborder=\"0\" marginwidth=\"0\" marginheight=\"0\" scrolling=\"no\"><\/iframe><\/p>\n","protected":false},"excerpt":{"rendered":"<p>Wellness po\u010das v\u0161edn\u00fdch dn\u00ed u\u017e od 70,90 \u20ac \/ osoba \/ noc? \u00c1no, vo Vy\u0161ehrade je to mo\u017en\u00e9!<\/p>\n","protected":false},"author":3,"featured_media":22059,"comment_status":"closed","ping_status":"closed","sticky":false,"template":"","format":"standard","meta":{"_et_pb_use_builder":"","_et_pb_old_content":"","_et_gb_content_width":"","footnotes":""},"categories":[1038],"tags":[],"class_list":["post-252498","post","type-post","status-publish","format-standard","has-post-thumbnail","hentry","category-blog-sk"],"_links":{"self":[{"href":"https:\/\/www.hotelvisegrad.hu\/sk\/wp-json\/wp\/v2\/posts\/252498","targetHints":{"allow":["GET"]}}],"collection":[{"href":"https:\/\/www.hotelvisegrad.hu\/sk\/wp-json\/wp\/v2\/posts"}],"about":[{"href":"https:\/\/www.hotelvisegrad.hu\/sk\/wp-json\/wp\/v2\/types\/post"}],"author":[{"embeddable":true,"href":"https:\/\/www.hotelvisegrad.hu\/sk\/wp-json\/wp\/v2\/users\/3"}],"replies":[{"embeddable":true,"href":"https:\/\/www.hotelvisegrad.hu\/sk\/wp-json\/wp\/v2\/comments?post=252498"}],"version-history":[{"count":0,"href":"https:\/\/www.hotelvisegrad.hu\/sk\/wp-json\/wp\/v2\/posts\/252498\/revisions"}],"wp:featuredmedia":[{"embeddable":true,"href":"https:\/\/www.hotelvisegrad.hu\/sk\/wp-json\/wp\/v2\/media\/22059"}],"wp:attachment":[{"href":"https:\/\/www.hotelvisegrad.hu\/sk\/wp-json\/wp\/v2\/media?parent=252498"}],"wp:term":[{"taxonomy":"category","embeddable":true,"href":"https:\/\/www.hotelvisegrad.hu\/sk\/wp-json\/wp\/v2\/categories?post=252498"},{"taxonomy":"post_tag","embeddable":true,"href":"https:\/\/www.hotelvisegrad.hu\/sk\/wp-json\/wp\/v2\/tags?post=252498"}],"curies":[{"name":"wp","href":"https:\/\/api.w.org\/{rel}","templated":true}]}}