{"id":252454,"date":"2025-06-23T09:22:29","date_gmt":"2025-06-23T09:22:29","guid":{"rendered":"https:\/\/www.hotelvisegrad.hu\/zazite-prave-vysehradske-leto\/"},"modified":"2025-06-23T09:22:29","modified_gmt":"2025-06-23T09:22:29","slug":"zazite-prave-vysehradske-leto","status":"publish","type":"post","link":"https:\/\/www.hotelvisegrad.hu\/sk\/zazite-prave-vysehradske-leto\/","title":{"rendered":"Za\u017eite prav\u00e9 vy\u0161ehradsk\u00e9 leto!"},"content":{"rendered":"<p><strong>Na\u0161im cie\u013eom je po\u010das letnej sez\u00f3ny sprostredkova\u0165 hos\u0165om v\u0161etko, \u010do vy\u0161ehradsk\u00e9 leto v plnej miere pon\u00faka. A to rozhodne nie je m\u00e1lo\u2026<\/strong><\/p>\n<p>N\u00e1\u0161 bal\u00ed\u010dek, ktor\u00fd si m\u00f4\u017eete rezervova\u0165 u\u017e od 89 \u20ac\/osoba\/noc (pri minim\u00e1lnom pobyte na 2 noci), zah\u0155\u0148a mno\u017estvo vzru\u0161uj\u00facich letn\u00fdch aktiv\u00edt, z ktor\u00fdch v\u00e4\u010d\u0161ina je dostupn\u00e1 v\u00fdhradne pre host\u00ed Hotela Visegr\u00e1d.<\/p>\n<p>Tu je mal\u00e1 ochutn\u00e1vka:<\/p>\n<ul>\n<li>Plavba po Dunaji pri z\u00e1pade slnka so \u0161ampansk\u00fdm, po\u010das ktorej objav\u00edte Dunajsk\u00fd ohyb z \u00faplne novej perspekt\u00edvy<\/li>\n<li>Kokteilov\u00e1 p\u00e1rty na stre\u0161nej terase s n\u00e1dhern\u00fdm v\u00fdh\u013eadom<\/li>\n<li>Ma\u010farsk\u00e1 l\u00e1ngo\u0161 p\u00e1rty vo Wellness Bare<\/li>\n<li>Turistika po pohor\u00ed Pilis so sk\u00fasen\u00fdm sprievodcom<\/li>\n<li>Rytiersky turnaj v Salamon ve\u017ei<\/li>\n<li>N\u00e1v\u0161teva Kr\u00e1\u013eovsk\u00e9ho pal\u00e1ca s poh\u00e1rom lahodn\u00e9ho v\u00edna v ruke<\/li>\n<\/ul>\n<p>A mnoho \u010fal\u0161\u00edch z\u00e1\u017eitkov vr\u00e1tane neobmedzen\u00e9ho wellnessu.<\/p>\n<p><strong>Nenechajte si to ujs\u0165 \u2013 rezervujte si pobyt u\u017e dnes!<\/strong><\/p>\n<blockquote class=\"wp-embedded-content\" data-secret=\"6nvAy9oMay\"><p><a href=\"https:\/\/www.hotelvisegrad.hu\/sk\/letne-wellness-dni\/\">Letn\u00e9 wellness dni<\/a><\/p><\/blockquote>\n<p><iframe loading=\"lazy\" class=\"wp-embedded-content\" sandbox=\"allow-scripts\" security=\"restricted\" style=\"position: absolute; visibility: hidden;\" title=\"&#8220;Letn\u00e9 wellness dni&#8221; &#8212; Hotel Visegr\u00e1d****\" src=\"https:\/\/www.hotelvisegrad.hu\/sk\/letne-wellness-dni\/embed\/#?secret=ZlCVIar6aF#?secret=6nvAy9oMay\" data-secret=\"6nvAy9oMay\" width=\"600\" height=\"338\" frameborder=\"0\" marginwidth=\"0\" marginheight=\"0\" scrolling=\"no\"><\/iframe><\/p>\n<p>&nbsp;<\/p>\n","protected":false},"excerpt":{"rendered":"<p>Vy\u0161ehrad je kr\u00e1sny po\u010das ka\u017ed\u00e9ho ro\u010dn\u00e9ho obdobia, no v lete to tu naozaj \u017eije!<\/p>\n","protected":false},"author":3,"featured_media":250440,"comment_status":"closed","ping_status":"closed","sticky":false,"template":"","format":"standard","meta":{"_et_pb_use_builder":"","_et_pb_old_content":"","_et_gb_content_width":"","footnotes":""},"categories":[1038],"tags":[],"class_list":["post-252454","post","type-post","status-publish","format-standard","has-post-thumbnail","hentry","category-blog-sk"],"_links":{"self":[{"href":"https:\/\/www.hotelvisegrad.hu\/sk\/wp-json\/wp\/v2\/posts\/252454","targetHints":{"allow":["GET"]}}],"collection":[{"href":"https:\/\/www.hotelvisegrad.hu\/sk\/wp-json\/wp\/v2\/posts"}],"about":[{"href":"https:\/\/www.hotelvisegrad.hu\/sk\/wp-json\/wp\/v2\/types\/post"}],"author":[{"embeddable":true,"href":"https:\/\/www.hotelvisegrad.hu\/sk\/wp-json\/wp\/v2\/users\/3"}],"replies":[{"embeddable":true,"href":"https:\/\/www.hotelvisegrad.hu\/sk\/wp-json\/wp\/v2\/comments?post=252454"}],"version-history":[{"count":0,"href":"https:\/\/www.hotelvisegrad.hu\/sk\/wp-json\/wp\/v2\/posts\/252454\/revisions"}],"wp:featuredmedia":[{"embeddable":true,"href":"https:\/\/www.hotelvisegrad.hu\/sk\/wp-json\/wp\/v2\/media\/250440"}],"wp:attachment":[{"href":"https:\/\/www.hotelvisegrad.hu\/sk\/wp-json\/wp\/v2\/media?parent=252454"}],"wp:term":[{"taxonomy":"category","embeddable":true,"href":"https:\/\/www.hotelvisegrad.hu\/sk\/wp-json\/wp\/v2\/categories?post=252454"},{"taxonomy":"post_tag","embeddable":true,"href":"https:\/\/www.hotelvisegrad.hu\/sk\/wp-json\/wp\/v2\/tags?post=252454"}],"curies":[{"name":"wp","href":"https:\/\/api.w.org\/{rel}","templated":true}]}}