{"id":252343,"date":"2025-06-03T06:19:44","date_gmt":"2025-06-03T06:19:44","guid":{"rendered":"https:\/\/www.hotelvisegrad.hu\/na-turice-mame-este-zopar-volnych-izieb-rychlo-si-jednu-rezervujte\/"},"modified":"2025-06-03T06:19:44","modified_gmt":"2025-06-03T06:19:44","slug":"na-turice-mame-este-zopar-volnych-izieb-rychlo-si-jednu-rezervujte","status":"publish","type":"post","link":"https:\/\/www.hotelvisegrad.hu\/sk\/na-turice-mame-este-zopar-volnych-izieb-rychlo-si-jednu-rezervujte\/","title":{"rendered":"Na Tur\u00edce m\u00e1me e\u0161te zop\u00e1r vo\u013en\u00fdch izieb. R\u00fdchlo si jednu rezervujte!"},"content":{"rendered":"<p><strong>Od 6. do 9. j\u00fana v\u00e1s op\u00e4\u0165 srde\u010dne poz\u00fdvame na n\u00e1dhern\u00fd pred\u013a\u017een\u00fd v\u00edkend na Tur\u00edce pre v\u0161etk\u00fdch, pre ktor\u00fdch je Vy\u0161ehrad synonymom akt\u00edvneho oddychu, rodinnej atmosf\u00e9ry spojenej s pr\u00e9miov\u00fdmi hotelov\u00fdmi slu\u017ebami a jedn\u00fdm z najkraj\u0161\u00edch regi\u00f3nov Ma\u010farska.<\/strong><\/p>\n<p>Bal\u00ed\u010dek u\u017e od 94,90 \u20ac \/ osoba \/ noc (minim\u00e1lne na 3 noci) zaru\u010duje, \u017ee na Tur\u00edce 2025 \u2013 ktor\u00e9 s\u00fa vlastne predzves\u0165ou leta \u2013 tak skoro nezabudnete. A mo\u017eno ani nechcete!<\/p>\n<p>Je takmer ist\u00e9, \u017ee sa k n\u00e1m e\u0161te tento rok vr\u00e1tite, preto\u017ee Hotel Visegr\u00e1d nastavuje latku tak vysoko \u2013 \u010do sa t\u00fdka wellnessu, programov, gastron\u00f3mie a pomeru ceny a kvality \u2013 \u017ee pojem dom\u00e1ci cestovn\u00fd ruch kone\u010dne dost\u00e1va nov\u00fd v\u00fdznam.<\/p>\n<p>U n\u00e1s za\u017eijete programy, ktor\u00e9 organizuje v\u00fdhradne Hotel Visegr\u00e1d. V\u0161etko, \u010do z\u00edskate v r\u00e1mci rezerv\u00e1cie, znamen\u00e1 vysok\u00fd \u0161tandard slu\u017eieb \u2013 od kvality izieb, cez profesion\u00e1lny servis a\u017e po wellness mo\u017enosti.<\/p>\n<p>Hotel Visegr\u00e1d je o V\u00e1s\u2026<\/p>\n<p>Aj tento rok po\u010das Tur\u00edc si vyberte klenot Dunajsk\u00e9ho ohybu \u2013 Vy\u0161ehrad \u2013 a rezervujte si izbu u n\u00e1s!<\/p>\n<blockquote class=\"wp-embedded-content\" data-secret=\"sJWsELtdZL\"><p><a href=\"https:\/\/www.hotelvisegrad.hu\/sk\/sviatkovy-vikend-na-turice-2\/\">Sviatkov\u00fd v\u00edkend na Tur\u00edce<\/a><\/p><\/blockquote>\n<p><iframe loading=\"lazy\" class=\"wp-embedded-content\" sandbox=\"allow-scripts\" security=\"restricted\" style=\"position: absolute; visibility: hidden;\" title=\"&#8220;Sviatkov\u00fd v\u00edkend na Tur\u00edce&#8221; &#8212; Hotel Visegr\u00e1d****\" src=\"https:\/\/www.hotelvisegrad.hu\/sk\/sviatkovy-vikend-na-turice-2\/embed\/#?secret=qofMpl57YH#?secret=sJWsELtdZL\" data-secret=\"sJWsELtdZL\" width=\"600\" height=\"338\" frameborder=\"0\" marginwidth=\"0\" marginheight=\"0\" scrolling=\"no\"><\/iframe><\/p>\n","protected":false},"excerpt":{"rendered":"<p>Pred\u013a\u017een\u00fd v\u00edkend na Tur\u00edce so \u0161peci\u00e1lnym programom pri Dunajskom ohybe.<\/p>\n","protected":false},"author":3,"featured_media":23678,"comment_status":"closed","ping_status":"closed","sticky":false,"template":"","format":"standard","meta":{"_et_pb_use_builder":"","_et_pb_old_content":"","_et_gb_content_width":"","footnotes":""},"categories":[1038],"tags":[1197,1174,1619,1102,1028,1299,1618,1376],"class_list":["post-252343","post","type-post","status-publish","format-standard","has-post-thumbnail","hentry","category-blog-sk","tag-dunakanyar-sk","tag-gastronomia","tag-hotely-vo-vysehrade-sk","tag-jarny-wellness","tag-predlzeny-vikend-na-turice","tag-szallas-visegradon-sk","tag-ubytovanie-na-turice","tag-wellness-sk"],"_links":{"self":[{"href":"https:\/\/www.hotelvisegrad.hu\/sk\/wp-json\/wp\/v2\/posts\/252343","targetHints":{"allow":["GET"]}}],"collection":[{"href":"https:\/\/www.hotelvisegrad.hu\/sk\/wp-json\/wp\/v2\/posts"}],"about":[{"href":"https:\/\/www.hotelvisegrad.hu\/sk\/wp-json\/wp\/v2\/types\/post"}],"author":[{"embeddable":true,"href":"https:\/\/www.hotelvisegrad.hu\/sk\/wp-json\/wp\/v2\/users\/3"}],"replies":[{"embeddable":true,"href":"https:\/\/www.hotelvisegrad.hu\/sk\/wp-json\/wp\/v2\/comments?post=252343"}],"version-history":[{"count":0,"href":"https:\/\/www.hotelvisegrad.hu\/sk\/wp-json\/wp\/v2\/posts\/252343\/revisions"}],"wp:featuredmedia":[{"embeddable":true,"href":"https:\/\/www.hotelvisegrad.hu\/sk\/wp-json\/wp\/v2\/media\/23678"}],"wp:attachment":[{"href":"https:\/\/www.hotelvisegrad.hu\/sk\/wp-json\/wp\/v2\/media?parent=252343"}],"wp:term":[{"taxonomy":"category","embeddable":true,"href":"https:\/\/www.hotelvisegrad.hu\/sk\/wp-json\/wp\/v2\/categories?post=252343"},{"taxonomy":"post_tag","embeddable":true,"href":"https:\/\/www.hotelvisegrad.hu\/sk\/wp-json\/wp\/v2\/tags?post=252343"}],"curies":[{"name":"wp","href":"https:\/\/api.w.org\/{rel}","templated":true}]}}