{"id":252304,"date":"2025-04-28T10:14:41","date_gmt":"2025-04-28T10:14:41","guid":{"rendered":"https:\/\/www.hotelvisegrad.hu\/hotel-visegrad-vip-objavte-nas-vernostny-program-pre-stalych-hosti\/"},"modified":"2025-04-28T10:14:41","modified_gmt":"2025-04-28T10:14:41","slug":"hotel-visegrad-vip-objavte-nas-vernostny-program-pre-stalych-hosti","status":"publish","type":"post","link":"https:\/\/www.hotelvisegrad.hu\/sk\/hotel-visegrad-vip-objavte-nas-vernostny-program-pre-stalych-hosti\/","title":{"rendered":"Hotel Visegr\u00e1d VIP: Objavte n\u00e1\u0161 vernostn\u00fd program pre st\u00e1lych host\u00ed"},"content":{"rendered":"<p><strong>V Hoteli Visegr\u00e1d venujeme mimoriadnu pozornos\u0165 aj na\u0161im st\u00e1lym hos\u0165om. Pr\u00e1ve rodinn\u00e1 atmosf\u00e9ra, dlhoro\u010dn\u00e9 priate\u013estv\u00e1, zn\u00e1mosti a medzi\u013eudsk\u00e9 vz\u0165ahy, ktor\u00e9 sa buduj\u00fa cel\u00e9 roky, tvoria z\u00e1kladn\u00e9 piliere n\u00e1\u0161ho fungovania.<\/strong><\/p>\n<p>Mo\u017eno to znie prekvapivo, ale m\u00e1me host\u00ed, ktor\u00ed sa k n\u00e1m vracaj\u00fa u\u017e od roku 2001, teda od otvorenia prv\u00e9ho kr\u00eddla n\u00e1\u0161ho hotela. Po\u010det pravideln\u00fdch n\u00e1v\u0161tevn\u00edkov je navy\u0161e mimoriadne vysok\u00fd \u2013 mnoh\u00ed z nich maj\u00fa u\u017e svoju ob\u013e\u00faben\u00fa izbu, \u010di dokonca ob\u013e\u00faben\u00e9 mesiace, kedy sa k n\u00e1m radi vracaj\u00fa.<\/p>\n<p>Pr\u00e1ve pre nich sme pripravili vernostn\u00fd program, ktor\u00fd si m\u00f4\u017eete podrobne prezrie\u0165 na nasleduj\u00facom odkaze. Ako \u010dlenovia tohto programu m\u00f4\u017eete \u010dasom z\u00edska\u0165 z\u013eavu a\u017e do v\u00fd\u0161ky 15 % na na\u0161e bal\u00ed\u010dky aj be\u017en\u00e9 ceny.<\/p>\n<blockquote class=\"wp-embedded-content\" data-secret=\"c60MmE3J3w\"><p><a href=\"https:\/\/www.hotelvisegrad.hu\/sk\/vernostny-program\/\">Vernostn\u00fd program<\/a><\/p><\/blockquote>\n<p><iframe loading=\"lazy\" class=\"wp-embedded-content\" sandbox=\"allow-scripts\" security=\"restricted\" style=\"position: absolute; visibility: hidden;\" title=\"&#8220;Vernostn\u00fd program&#8221; &#8212; Hotel Visegr\u00e1d****\" src=\"https:\/\/www.hotelvisegrad.hu\/sk\/vernostny-program\/embed\/#?secret=3ks0vnk4FK#?secret=c60MmE3J3w\" data-secret=\"c60MmE3J3w\" width=\"600\" height=\"338\" frameborder=\"0\" marginwidth=\"0\" marginheight=\"0\" scrolling=\"no\"><\/iframe><\/p>\n<p>&nbsp;<\/p>\n<p>&nbsp;<\/p>\n","protected":false},"excerpt":{"rendered":"<p>Zistite viac o vernostnom programe Hotela Visegr\u00e1d.<\/p>\n","protected":false},"author":3,"featured_media":22864,"comment_status":"closed","ping_status":"closed","sticky":false,"template":"","format":"standard","meta":{"_et_pb_use_builder":"","_et_pb_old_content":"","_et_gb_content_width":"","footnotes":""},"categories":[1038],"tags":[1196,1197,1239,1299,1603,1602,1604],"class_list":["post-252304","post","type-post","status-publish","format-standard","has-post-thumbnail","hentry","category-blog-sk","tag-akcios-wellness-sk","tag-dunakanyar-sk","tag-hotel-vo-vysehrade-sk","tag-szallas-visegradon-sk","tag-vernostny-program","tag-zlava-na-wellness","tag-zlava-pre-stalych-hosti"],"_links":{"self":[{"href":"https:\/\/www.hotelvisegrad.hu\/sk\/wp-json\/wp\/v2\/posts\/252304","targetHints":{"allow":["GET"]}}],"collection":[{"href":"https:\/\/www.hotelvisegrad.hu\/sk\/wp-json\/wp\/v2\/posts"}],"about":[{"href":"https:\/\/www.hotelvisegrad.hu\/sk\/wp-json\/wp\/v2\/types\/post"}],"author":[{"embeddable":true,"href":"https:\/\/www.hotelvisegrad.hu\/sk\/wp-json\/wp\/v2\/users\/3"}],"replies":[{"embeddable":true,"href":"https:\/\/www.hotelvisegrad.hu\/sk\/wp-json\/wp\/v2\/comments?post=252304"}],"version-history":[{"count":0,"href":"https:\/\/www.hotelvisegrad.hu\/sk\/wp-json\/wp\/v2\/posts\/252304\/revisions"}],"wp:featuredmedia":[{"embeddable":true,"href":"https:\/\/www.hotelvisegrad.hu\/sk\/wp-json\/wp\/v2\/media\/22864"}],"wp:attachment":[{"href":"https:\/\/www.hotelvisegrad.hu\/sk\/wp-json\/wp\/v2\/media?parent=252304"}],"wp:term":[{"taxonomy":"category","embeddable":true,"href":"https:\/\/www.hotelvisegrad.hu\/sk\/wp-json\/wp\/v2\/categories?post=252304"},{"taxonomy":"post_tag","embeddable":true,"href":"https:\/\/www.hotelvisegrad.hu\/sk\/wp-json\/wp\/v2\/tags?post=252304"}],"curies":[{"name":"wp","href":"https:\/\/api.w.org\/{rel}","templated":true}]}}