{"id":251348,"date":"2024-11-14T13:28:04","date_gmt":"2024-11-14T13:28:04","guid":{"rendered":"https:\/\/www.hotelvisegrad.hu\/pockajte-na-mikulasa-s-nami-vo-vysehrade-od-6-do-8-decembra\/"},"modified":"2024-11-14T13:28:04","modified_gmt":"2024-11-14T13:28:04","slug":"pockajte-na-mikulasa-s-nami-vo-vysehrade-od-6-do-8-decembra","status":"publish","type":"post","link":"https:\/\/www.hotelvisegrad.hu\/sk\/pockajte-na-mikulasa-s-nami-vo-vysehrade-od-6-do-8-decembra\/","title":{"rendered":"Po\u010dkajte na Mikul\u00e1\u0161a s nami vo Vy\u0161ehrade od 6. do 8. decembra"},"content":{"rendered":"<p><strong>Radi by sme v\u00e1s pozvali na skvel\u00fd rodinn\u00fd program!<\/strong><\/p>\n<p>Po\u010das tradi\u010dn\u00e9ho Mikul\u00e1\u0161skeho v\u00edkendu v Hoteli Visegr\u00e1d sa m\u00f4\u017eete te\u0161i\u0165 na \u0161peci\u00e1lne pr\u00edle\u017eitosti, ako s\u00fa:<\/p>\n<ul>\n<li>nezabudnute\u013en\u00e9 stretnutie s Mikul\u00e1\u0161om,<\/li>\n<li>\u017eiv\u00fd hudobn\u00fd program na naladenie sa na sviato\u010dn\u00fa atmosf\u00e9ru,<\/li>\n<li>jedine\u010dn\u00e9 Mikul\u00e1\u0161ske priv\u00edtanie vo Wellness Bare,<\/li>\n<li>autentick\u00e1 uk\u00e1\u017eka rytierskeho turnaja,<\/li>\n<li>a vzru\u0161uj\u00faci bowlingov\u00fd turnaj.<\/li>\n<\/ul>\n<p>Okrem toho m\u00e1te k dispoz\u00edcii wellness centrum od r\u00e1na do noci, bohat\u00e9 ra\u0148ajky a ve\u010deru formou bufetu, a pri jednej pr\u00edle\u017eitosti v\u00e1s poz\u00fdvame na prav\u00fa kr\u00e1\u013eovsk\u00fa hostinu v stredovekom \u0161t\u00fdle v re\u0161taur\u00e1cii Renaissance.<\/p>\n<blockquote class=\"wp-embedded-content\" data-secret=\"ziGRIkhEkb\"><p><a href=\"https:\/\/www.hotelvisegrad.hu\/sk\/mikulasske-dni\/\">Mikul\u00e1\u0161ske dni<\/a><\/p><\/blockquote>\n<p><iframe loading=\"lazy\" class=\"wp-embedded-content\" sandbox=\"allow-scripts\" security=\"restricted\" style=\"position: absolute; visibility: hidden;\" title=\"&#8220;Mikul\u00e1\u0161ske dni&#8221; &#8212; Hotel Visegr\u00e1d****\" src=\"https:\/\/www.hotelvisegrad.hu\/sk\/mikulasske-dni\/embed\/#?secret=eoq1MouSc1#?secret=ziGRIkhEkb\" data-secret=\"ziGRIkhEkb\" width=\"600\" height=\"338\" frameborder=\"0\" marginwidth=\"0\" marginheight=\"0\" scrolling=\"no\"><\/iframe><\/p>\n<p>&nbsp;<\/p>\n","protected":false},"excerpt":{"rendered":"<p>Pr\u00ed\u010fte do Vy\u0161ehradu na sviato\u010dn\u00fd v\u00edkend od 6. do 8. decembra a po\u010dkajme na Mikul\u00e1\u0161a spolu!<\/p>\n","protected":false},"author":3,"featured_media":250944,"comment_status":"closed","ping_status":"closed","sticky":false,"template":"","format":"standard","meta":{"_et_pb_use_builder":"","_et_pb_old_content":"","_et_gb_content_width":"","footnotes":""},"categories":[1038],"tags":[1537,1535,1536,1323,1322],"class_list":["post-251348","post","type-post","status-publish","format-standard","has-post-thumbnail","hentry","category-blog-sk","tag-decembrove-programy-vo-vysehrade","tag-mikulas","tag-mikulas-vo-vysehrade","tag-mikulasske-dni","tag-mikulassky-program"],"_links":{"self":[{"href":"https:\/\/www.hotelvisegrad.hu\/sk\/wp-json\/wp\/v2\/posts\/251348","targetHints":{"allow":["GET"]}}],"collection":[{"href":"https:\/\/www.hotelvisegrad.hu\/sk\/wp-json\/wp\/v2\/posts"}],"about":[{"href":"https:\/\/www.hotelvisegrad.hu\/sk\/wp-json\/wp\/v2\/types\/post"}],"author":[{"embeddable":true,"href":"https:\/\/www.hotelvisegrad.hu\/sk\/wp-json\/wp\/v2\/users\/3"}],"replies":[{"embeddable":true,"href":"https:\/\/www.hotelvisegrad.hu\/sk\/wp-json\/wp\/v2\/comments?post=251348"}],"version-history":[{"count":0,"href":"https:\/\/www.hotelvisegrad.hu\/sk\/wp-json\/wp\/v2\/posts\/251348\/revisions"}],"wp:featuredmedia":[{"embeddable":true,"href":"https:\/\/www.hotelvisegrad.hu\/sk\/wp-json\/wp\/v2\/media\/250944"}],"wp:attachment":[{"href":"https:\/\/www.hotelvisegrad.hu\/sk\/wp-json\/wp\/v2\/media?parent=251348"}],"wp:term":[{"taxonomy":"category","embeddable":true,"href":"https:\/\/www.hotelvisegrad.hu\/sk\/wp-json\/wp\/v2\/categories?post=251348"},{"taxonomy":"post_tag","embeddable":true,"href":"https:\/\/www.hotelvisegrad.hu\/sk\/wp-json\/wp\/v2\/tags?post=251348"}],"curies":[{"name":"wp","href":"https:\/\/api.w.org\/{rel}","templated":true}]}}