{"id":250917,"date":"2024-09-02T12:36:15","date_gmt":"2024-09-02T12:36:15","guid":{"rendered":"https:\/\/www.hotelvisegrad.hu\/vyuzite-nase-sialene-zlavnene-ponuky-ktore-je-mozne-rezervovat-aj-na-1-noc\/"},"modified":"2024-09-02T12:36:15","modified_gmt":"2024-09-02T12:36:15","slug":"vyuzite-nase-sialene-zlavnene-ponuky-ktore-je-mozne-rezervovat-aj-na-1-noc","status":"publish","type":"post","link":"https:\/\/www.hotelvisegrad.hu\/sk\/vyuzite-nase-sialene-zlavnene-ponuky-ktore-je-mozne-rezervovat-aj-na-1-noc\/","title":{"rendered":"Vyu\u017eite na\u0161e \u0161ialene z\u013eavnen\u00e9 ponuky, ktor\u00e9 je mo\u017en\u00e9 rezervova\u0165 aj na 1 noc!"},"content":{"rendered":"<p><strong>U\u017e dlh\u0161\u00ed \u010das sa sna\u017e\u00edme pon\u00faka\u0165 \u010do najv\u00fdhodnej\u0161ie mo\u017enosti a e\u0161te prida\u0165 nie\u010do naviac, aby bol Hotel Visegr\u00e1d tak\u00fd l\u00e1kav\u00fd, \u017ee neodol\u00e1te volaniu wellnessu\u2026<\/strong><\/p>\n<p>Na\u0161a ponuka s n\u00e1zvom <em>&quot;Akt\u00edvny odpo\u010dinok na 1 noc&quot;<\/em> je v\u00fdnimo\u010dn\u00e1 t\u00fdm, \u017ee v\u00e1m umo\u017en\u00ed vyu\u017ei\u0165 cel\u00fa \u0161k\u00e1lu wellness slu\u017eieb Hotela Visegr\u00e1d aj bez obvykl\u00e9ho minim\u00e1lneho pobytu na 2 noci. To znamen\u00e1, \u017ee m\u00e1te k dispoz\u00edcii dva cel\u00e9 dni wellnessu, preto\u017ee v de\u0148 pr\u00edchodu m\u00f4\u017eete vyu\u017e\u00edva\u0165 wellness a\u017e do polnoci a aj v de\u0148 odchodu s\u00fa v\u00e1m na\u0161e slu\u017eby st\u00e1le k dispoz\u00edcii.<\/p>\n<h3>Aktu\u00e1lne dostupn\u00e9 dni pre rezerv\u00e1ciu:<\/h3>\n<ul>\n<li>28. septembra<\/li>\n<\/ul>\n<p>Nev\u00e1hajte! Term\u00edny sa m\u00ed\u0148aj\u00fa r\u00fdchlo, rezervujte si pobyt a sta\u0148te sa hos\u0165om jedn\u00e9ho z ob\u013e\u00faben\u00fdch wellness hotelov v oblasti Dunajsk\u00e9ho ohybu!<\/p>\n<blockquote class=\"wp-embedded-content\" data-secret=\"GpGSsFYYIR\"><p><a href=\"https:\/\/www.hotelvisegrad.hu\/sk\/aktivny-odpocinok-na-1-noc\/\">Akt\u00edvny odpo\u010dinok na 1 noc<\/a><\/p><\/blockquote>\n<p><iframe loading=\"lazy\" class=\"wp-embedded-content\" sandbox=\"allow-scripts\" security=\"restricted\" style=\"position: absolute; visibility: hidden;\" title=\"&#8220;Akt\u00edvny odpo\u010dinok na 1 noc&#8221; &#8212; Hotel Visegr\u00e1d****\" src=\"https:\/\/www.hotelvisegrad.hu\/sk\/aktivny-odpocinok-na-1-noc\/embed\/#?secret=QFAgE4LC4w#?secret=GpGSsFYYIR\" data-secret=\"GpGSsFYYIR\" width=\"600\" height=\"338\" frameborder=\"0\" marginwidth=\"0\" marginheight=\"0\" scrolling=\"no\"><\/iframe><\/p>\n","protected":false},"excerpt":{"rendered":"<p>Rezerv\u00e1cia wellness hotela na 1 noc? Medzi slu\u017ebami Hotela Visegr\u00e1d toto ur\u010dite n\u00e1jdete!<\/p>\n","protected":false},"author":3,"featured_media":22203,"comment_status":"closed","ping_status":"closed","sticky":false,"template":"","format":"standard","meta":{"_et_pb_use_builder":"","_et_pb_old_content":"","_et_gb_content_width":"","footnotes":""},"categories":[1038],"tags":[1447,1446,1299,1290,1324],"class_list":["post-250917","post","type-post","status-publish","format-standard","has-post-thumbnail","hentry","category-blog-sk","tag-rezervovanie-na-1-noc","tag-rychly-wellness-sk","tag-szallas-visegradon-sk","tag-wellness-akcio-sk","tag-wellness-hotel"],"_links":{"self":[{"href":"https:\/\/www.hotelvisegrad.hu\/sk\/wp-json\/wp\/v2\/posts\/250917","targetHints":{"allow":["GET"]}}],"collection":[{"href":"https:\/\/www.hotelvisegrad.hu\/sk\/wp-json\/wp\/v2\/posts"}],"about":[{"href":"https:\/\/www.hotelvisegrad.hu\/sk\/wp-json\/wp\/v2\/types\/post"}],"author":[{"embeddable":true,"href":"https:\/\/www.hotelvisegrad.hu\/sk\/wp-json\/wp\/v2\/users\/3"}],"replies":[{"embeddable":true,"href":"https:\/\/www.hotelvisegrad.hu\/sk\/wp-json\/wp\/v2\/comments?post=250917"}],"version-history":[{"count":0,"href":"https:\/\/www.hotelvisegrad.hu\/sk\/wp-json\/wp\/v2\/posts\/250917\/revisions"}],"wp:featuredmedia":[{"embeddable":true,"href":"https:\/\/www.hotelvisegrad.hu\/sk\/wp-json\/wp\/v2\/media\/22203"}],"wp:attachment":[{"href":"https:\/\/www.hotelvisegrad.hu\/sk\/wp-json\/wp\/v2\/media?parent=250917"}],"wp:term":[{"taxonomy":"category","embeddable":true,"href":"https:\/\/www.hotelvisegrad.hu\/sk\/wp-json\/wp\/v2\/categories?post=250917"},{"taxonomy":"post_tag","embeddable":true,"href":"https:\/\/www.hotelvisegrad.hu\/sk\/wp-json\/wp\/v2\/tags?post=250917"}],"curies":[{"name":"wp","href":"https:\/\/api.w.org\/{rel}","templated":true}]}}