{"id":250119,"date":"2024-02-29T18:22:11","date_gmt":"2024-02-29T18:22:11","guid":{"rendered":"https:\/\/www.hotelvisegrad.hu\/stravte-s-nami-velkonocne-sviatky\/"},"modified":"2024-02-29T18:22:11","modified_gmt":"2024-02-29T18:22:11","slug":"stravte-s-nami-velkonocne-sviatky","status":"publish","type":"post","link":"https:\/\/www.hotelvisegrad.hu\/sk\/stravte-s-nami-velkonocne-sviatky\/","title":{"rendered":"Str\u00e1vte s nami ve\u013ekono\u010dn\u00e9 sviatky!"},"content":{"rendered":"<p><strong>N\u00e1\u0161 ve\u013ekono\u010dn\u00fd bal\u00ed\u010dek, ktor\u00fd je platn\u00fd v term\u00edne od 29. marca do 1. apr\u00edla 2024, je skuto\u010dn\u00fdm rodinn\u00fdm v\u00fdletom, \u010di u\u017e ste dvaja alebo dvan\u00e1sti. Ist\u00e9 je, \u017ee budete rovnako v\u00edtan\u00ed!<\/strong><\/p>\n<p>Bal\u00edk, ktor\u00fd si m\u00f4\u017eete rezervova\u0165 od 33 500 Ft \/ osoba \/ noc (minim\u00e1lne 3 noci), je zauj\u00edmavou mo\u017enos\u0165ou aj v pr\u00edpade, \u017ee pl\u00e1nujete romantick\u00fa dovolenku alebo ak pl\u00e1nujete str\u00e1vi\u0165 Ve\u013ek\u00fa noc vo Vy\u0161ehrade s de\u0165mi.<br \/>\nNa\u0161i hotelov\u00ed hostia dost\u00e1vaj\u00fa polpenziu, m\u00f4\u017eu neobmedzene vyu\u017e\u00edva\u0165 na\u0161e obnoven\u00e9 wellness centrum a z\u00fa\u010dastni\u0165 sa mnoh\u00fdch \u0161peci\u00e1lnych programov, ako napr\u00edklad:<\/p>\n<ul>\n<li>n\u00e1v\u0161teva n\u00e1dvoria remesiel<\/li>\n<li>prehliadka kr\u00e1\u013eovsk\u00e9ho pal\u00e1ca so sprievodcom<\/li>\n<li>pe\u0161ia t\u00fara v lese (pod\u013ea po\u010dasia), po t\u00fare l\u00e1ngo\u0161ov\u00e1 p\u00e1rty v hoteli<\/li>\n<li>uk\u00e1\u017eka rytierskeho turnaja<\/li>\n<li>a m\u00f4\u017eeme poskytn\u00fa\u0165 aj tenis a bicykle<\/li>\n<\/ul>\n<h3><strong>Kliknite na obr\u00e1zok pre viac inform\u00e1ci\u00ed a rezervujte teraz!<\/strong><\/h3>\n<blockquote class=\"wp-embedded-content\" data-secret=\"MtgoPfNTv8\"><p><a href=\"https:\/\/www.hotelvisegrad.hu\/sk\/velkonocny-sviatkovy-vikend\/\">Ve\u013ekono\u010dn\u00fd sviatkov\u00fd v\u00edkend<\/a><\/p><\/blockquote>\n<p><iframe loading=\"lazy\" class=\"wp-embedded-content\" sandbox=\"allow-scripts\" security=\"restricted\" style=\"position: absolute; clip: rect(1px, 1px, 1px, 1px);\" title=\"&#8220;Ve\u013ekono\u010dn\u00fd sviatkov\u00fd v\u00edkend&#8221; &#8212; Hotel Visegr\u00e1d****\" src=\"https:\/\/www.hotelvisegrad.hu\/sk\/velkonocny-sviatkovy-vikend\/embed\/#?secret=2adaeYmBUk#?secret=MtgoPfNTv8\" data-secret=\"MtgoPfNTv8\" width=\"600\" height=\"338\" frameborder=\"0\" marginwidth=\"0\" marginheight=\"0\" scrolling=\"no\"><\/iframe><\/p>\n<p>&nbsp;<\/p>\n","protected":false},"excerpt":{"rendered":"<p>Ve\u013ekono\u010dn\u00fd wellness vo Vy\u0161ehrade.<\/p>\n","protected":false},"author":3,"featured_media":21283,"comment_status":"closed","ping_status":"closed","sticky":false,"template":"","format":"standard","meta":{"_et_pb_use_builder":"","_et_pb_old_content":"","_et_gb_content_width":"","footnotes":""},"categories":[1038],"tags":[],"class_list":["post-250119","post","type-post","status-publish","format-standard","has-post-thumbnail","hentry","category-blog-sk"],"_links":{"self":[{"href":"https:\/\/www.hotelvisegrad.hu\/sk\/wp-json\/wp\/v2\/posts\/250119","targetHints":{"allow":["GET"]}}],"collection":[{"href":"https:\/\/www.hotelvisegrad.hu\/sk\/wp-json\/wp\/v2\/posts"}],"about":[{"href":"https:\/\/www.hotelvisegrad.hu\/sk\/wp-json\/wp\/v2\/types\/post"}],"author":[{"embeddable":true,"href":"https:\/\/www.hotelvisegrad.hu\/sk\/wp-json\/wp\/v2\/users\/3"}],"replies":[{"embeddable":true,"href":"https:\/\/www.hotelvisegrad.hu\/sk\/wp-json\/wp\/v2\/comments?post=250119"}],"version-history":[{"count":0,"href":"https:\/\/www.hotelvisegrad.hu\/sk\/wp-json\/wp\/v2\/posts\/250119\/revisions"}],"wp:featuredmedia":[{"embeddable":true,"href":"https:\/\/www.hotelvisegrad.hu\/sk\/wp-json\/wp\/v2\/media\/21283"}],"wp:attachment":[{"href":"https:\/\/www.hotelvisegrad.hu\/sk\/wp-json\/wp\/v2\/media?parent=250119"}],"wp:term":[{"taxonomy":"category","embeddable":true,"href":"https:\/\/www.hotelvisegrad.hu\/sk\/wp-json\/wp\/v2\/categories?post=250119"},{"taxonomy":"post_tag","embeddable":true,"href":"https:\/\/www.hotelvisegrad.hu\/sk\/wp-json\/wp\/v2\/tags?post=250119"}],"curies":[{"name":"wp","href":"https:\/\/api.w.org\/{rel}","templated":true}]}}