{"id":250114,"date":"2024-02-29T17:58:40","date_gmt":"2024-02-29T17:58:40","guid":{"rendered":"https:\/\/www.hotelvisegrad.hu\/sviatkovy-vikend-na-turice-vo-vysehrade\/"},"modified":"2024-02-29T17:58:40","modified_gmt":"2024-02-29T17:58:40","slug":"sviatkovy-vikend-na-turice-vo-vysehrade","status":"publish","type":"post","link":"https:\/\/www.hotelvisegrad.hu\/sk\/sviatkovy-vikend-na-turice-vo-vysehrade\/","title":{"rendered":"Sviatkov\u00fd v\u00edkend na Tur\u00edce vo Vy\u0161ehrade"},"content":{"rendered":"<p><strong>Pridajte sa k n\u00e1m op\u00e4\u0165 tret\u00ed m\u00e1jov\u00fd v\u00edkend a u\u017eite si tradi\u010dn\u00fd wellness program na Tur\u00edce Hotela Visegr\u00e1d, v hoteli s najv\u00e4\u010d\u0161ou programovou ponukou v ohybe Dunaja.<\/strong><\/p>\n<p>Bal\u00ed\u010dek, ktor\u00fd je platn\u00fd v d\u0148och 17. do 20. m\u00e1ja, je skuto\u010dnou \u0161pecialitou svojho druhu, preto\u017ee si ho m\u00f4\u017eete rezervova\u0165 u\u017e od 31 000 Ft \/ osoba \/ noc a pon\u00faka mimoriadne pr\u00edle\u017eitosti pre milovn\u00edkov wellness, akt\u00edvnych programov, gastron\u00f3mie a kult\u00farnych zauj\u00edmavost\u00ed.<\/p>\n<p>V r\u00e1mci bal\u00edka s polpenziou budete ma\u0165 mo\u017enos\u0165 za\u017ei\u0165 gastro z\u00e1\u017eitok v podobe sl\u00e1vnej kr\u00e1\u013eovskej hostiny v <a href=\"https:\/\/www.hotelvisegrad.hu\/sk\/gastrozazitok\/kralovske-hostiny-vinne-vecere\/\" target=\"_blank\" rel=\"noopener\"><strong>Re\u0161taur\u00e1cii Renaissance<\/strong> <\/a>, ale ak m\u00e1te chu\u0165, m\u00f4\u017eete s nami nav\u0161t\u00edvi\u0165 aj <a href=\"https:\/\/www.hotelvisegrad.hu\/sk\/gastrozazitok\/palacovy-dom-palotahaz\/\" target=\"_blank\" rel=\"noopener\"><strong>N\u00e1dvorie Remesiel<\/strong><\/a>, <a href=\"https:\/\/www.hotelvisegrad.hu\/sk\/zazitkova-prechadzka-v-kralovskom-palaci\/\" target=\"_blank\" rel=\"noopener\"><strong>Pal\u00e1ca Mateja kr\u00e1\u013ea<\/strong><\/a> a jedine\u010dn\u00fa <a href=\"https:\/\/www.hotelvisegrad.hu\/sk\/ukazka-rytierskeho-turnaja\/\" target=\"_blank\" rel=\"noopener\"><strong>uk\u00e1\u017eku rytierskeho turnaja<\/strong><\/a>. Samozrejme, wellness je v centre pozornosti, to dobre vieme, preto v\u00e1m pon\u00fakame pln\u00e9 vyu\u017eitie n\u00e1\u0161ho novo zrekon\u0161truovan\u00e9ho wellness priestoru ka\u017ed\u00fd de\u0148 od 7:30 do 24:00 (\u00e1no, tento \u010dasov\u00fd interval nie je preklep, skuto\u010dne m\u00e1me wellness priestor od svitania do polnoci).<\/p>\n<p><strong>REZERVUJ e\u0161te dnes! Te\u0161\u00edme sa na v\u00e1s vo Vy\u0161ehrade!<\/strong><\/p>\n<blockquote class=\"wp-embedded-content\" data-secret=\"TnreCNizBb\"><p><a href=\"https:\/\/www.hotelvisegrad.hu\/sk\/sviatkovy-vikend-na-turice-2\/\">Sviatkov\u00fd v\u00edkend na Tur\u00edce<\/a><\/p><\/blockquote>\n<p><iframe loading=\"lazy\" class=\"wp-embedded-content\" sandbox=\"allow-scripts\" security=\"restricted\" style=\"position: absolute; clip: rect(1px, 1px, 1px, 1px);\" title=\"&#8220;Sviatkov\u00fd v\u00edkend na Tur\u00edce&#8221; &#8212; Hotel Visegr\u00e1d****\" src=\"https:\/\/www.hotelvisegrad.hu\/sk\/sviatkovy-vikend-na-turice-2\/embed\/#?secret=711YYWUZ27#?secret=TnreCNizBb\" data-secret=\"TnreCNizBb\" width=\"600\" height=\"338\" frameborder=\"0\" marginwidth=\"0\" marginheight=\"0\" scrolling=\"no\"><\/iframe><\/p>\n","protected":false},"excerpt":{"rendered":"<p>Tur\u00edce vo Vy\u0161ehrade. Z\u00e1\u017eitky, wellness, gastron\u00f3mia a hist\u00f3ria po\u010das jedn\u00e9ho v\u00edkendu.<\/p>\n","protected":false},"author":3,"featured_media":20950,"comment_status":"closed","ping_status":"closed","sticky":false,"template":"","format":"standard","meta":{"_et_pb_use_builder":"","_et_pb_old_content":"","_et_gb_content_width":"","footnotes":""},"categories":[1038],"tags":[1051,1367,1335,1072,1366,1029],"class_list":["post-250114","post","type-post","status-publish","format-standard","has-post-thumbnail","hentry","category-blog-sk","tag-dvor-remesiel","tag-kralovsky-palac-vysehrad","tag-restauracia-renaissance-vysehrad","tag-rytiersky-turnaj","tag-vikend-na-turice","tag-wellness-na-turice"],"_links":{"self":[{"href":"https:\/\/www.hotelvisegrad.hu\/sk\/wp-json\/wp\/v2\/posts\/250114","targetHints":{"allow":["GET"]}}],"collection":[{"href":"https:\/\/www.hotelvisegrad.hu\/sk\/wp-json\/wp\/v2\/posts"}],"about":[{"href":"https:\/\/www.hotelvisegrad.hu\/sk\/wp-json\/wp\/v2\/types\/post"}],"author":[{"embeddable":true,"href":"https:\/\/www.hotelvisegrad.hu\/sk\/wp-json\/wp\/v2\/users\/3"}],"replies":[{"embeddable":true,"href":"https:\/\/www.hotelvisegrad.hu\/sk\/wp-json\/wp\/v2\/comments?post=250114"}],"version-history":[{"count":0,"href":"https:\/\/www.hotelvisegrad.hu\/sk\/wp-json\/wp\/v2\/posts\/250114\/revisions"}],"wp:featuredmedia":[{"embeddable":true,"href":"https:\/\/www.hotelvisegrad.hu\/sk\/wp-json\/wp\/v2\/media\/20950"}],"wp:attachment":[{"href":"https:\/\/www.hotelvisegrad.hu\/sk\/wp-json\/wp\/v2\/media?parent=250114"}],"wp:term":[{"taxonomy":"category","embeddable":true,"href":"https:\/\/www.hotelvisegrad.hu\/sk\/wp-json\/wp\/v2\/categories?post=250114"},{"taxonomy":"post_tag","embeddable":true,"href":"https:\/\/www.hotelvisegrad.hu\/sk\/wp-json\/wp\/v2\/tags?post=250114"}],"curies":[{"name":"wp","href":"https:\/\/api.w.org\/{rel}","templated":true}]}}