{"id":250112,"date":"2024-02-29T17:38:04","date_gmt":"2024-02-29T17:38:04","guid":{"rendered":"https:\/\/www.hotelvisegrad.hu\/stravte-s-nami-predlzeny-vikend-15-marca\/"},"modified":"2024-02-29T17:38:04","modified_gmt":"2024-02-29T17:38:04","slug":"stravte-s-nami-predlzeny-vikend-15-marca","status":"publish","type":"post","link":"https:\/\/www.hotelvisegrad.hu\/sk\/stravte-s-nami-predlzeny-vikend-15-marca\/","title":{"rendered":"Str\u00e1vte s nami pred\u013a\u017een\u00fd v\u00edkend 15. marca"},"content":{"rendered":"<p><strong>Aj ke\u010f si tu moment\u00e1lne e\u0161te nie je \u013eahk\u00e9 predstavi\u0165 pri n\u00edzkych teplot\u00e1ch, ale u\u017e \u010doskoro doraz\u00ed jar. N\u00e1\u0161 prv\u00fd pred\u013a\u017een\u00fd v\u00edkend v roku (po novom roku) sa v\u010faka piatkov\u00e9mu term\u00ednu jedn\u00e9ho z na\u0161ich najv\u00fdznamnej\u0161\u00edch \u0161t\u00e1tnych sviatkov premen\u00ed na jarn\u00fd dar\u010dek pre unaven\u00e9 tel\u00e1 a du\u0161e.<\/strong><\/p>\n<p>N\u00e1\u0161 bal\u00ed\u010dek na 2 noci si m\u00f4\u017eete rezervova\u0165 u\u017e od <b class=\"thim-color-title\">31.000 Ft \/ osoba \/ noc <\/b>. Cena plat\u00ed pre na\u0161e \u0161tandardn\u00e9 podkrovn\u00e9 izby a zah\u0155\u0148a r\u00f4zne aktivity a \u010dinnosti, ako napr:<\/p>\n<ul>\n<li><strong>bohat\u00e9 ra\u0148ajky a ve\u010dere<\/strong> formou bufetu,<\/li>\n<li>jedine\u010dn\u00fa <strong>kr\u00e1\u013eovsk\u00fa hostinu<\/strong> v zn\u00e1mej re\u0161taur\u00e1cii Renaissance vo Vy\u0161ehrade,<\/li>\n<li>\u00a0<strong>wellness bez obmedzen\u00ed<\/strong> (so \u017eupanom k dispoz\u00edcii).<\/li>\n<\/ul>\n<p>Po\u010das v\u00edkendu v\u00e1s tie\u017e poz\u00fdvame na podujatia s pevn\u00fdm d\u00e1tumom, ako je prehliadka <strong>N\u00e1dvoria Remesiel<\/strong>; prehliadka expoz\u00edcie <strong>Kr\u00e1\u013eovsk\u00e9ho Pal\u00e1ca<\/strong> so sprievodcom; <strong>lesn\u00e1 t\u00fara<\/strong> s l\u00e1ngo\u0161ovou p\u00e1rty; a <strong>uk\u00e1\u017eka rytierskeho turnaja<\/strong> v podan\u00ed \u010dlenov R\u00e1du sv\u00e4t\u00e9ho Juraja.<\/p>\n<h3>Rezervujte teraz!<\/h3>\n<blockquote class=\"wp-embedded-content\" data-secret=\"W82v3nFt52\"><p><a href=\"https:\/\/www.hotelvisegrad.hu\/sk\/15-marec\/\">15. marec<\/a><\/p><\/blockquote>\n<p><iframe loading=\"lazy\" class=\"wp-embedded-content\" sandbox=\"allow-scripts\" security=\"restricted\" style=\"position: absolute; clip: rect(1px, 1px, 1px, 1px);\" title=\"&#8220;15. marec&#8221; &#8212; Hotel Visegr\u00e1d****\" src=\"https:\/\/www.hotelvisegrad.hu\/sk\/15-marec\/embed\/#?secret=PWeZt0zjYD#?secret=W82v3nFt52\" data-secret=\"W82v3nFt52\" width=\"600\" height=\"338\" frameborder=\"0\" marginwidth=\"0\" marginheight=\"0\" scrolling=\"no\"><\/iframe><\/p>\n","protected":false},"excerpt":{"rendered":"<p>Vyberte si Hotel Visegr\u00e1d na prv\u00fd skuto\u010dn\u00fd pred\u013a\u017een\u00fd jarn\u00fd v\u00edkend.<\/p>\n","protected":false},"author":3,"featured_media":23532,"comment_status":"closed","ping_status":"closed","sticky":false,"template":"","format":"standard","meta":{"_et_pb_use_builder":"on","_et_pb_old_content":"","_et_gb_content_width":"","footnotes":""},"categories":[1038],"tags":[1051,1235,1365,1072,1106,1243],"class_list":["post-250112","post","type-post","status-publish","format-standard","has-post-thumbnail","hentry","category-blog-sk","tag-dvor-remesiel","tag-marcovy-wellness","tag-predlzeny-vikend-15-marca","tag-rytiersky-turnaj","tag-vysehradsky-kralovsky-palac","tag-wellness-vikend"],"_links":{"self":[{"href":"https:\/\/www.hotelvisegrad.hu\/sk\/wp-json\/wp\/v2\/posts\/250112","targetHints":{"allow":["GET"]}}],"collection":[{"href":"https:\/\/www.hotelvisegrad.hu\/sk\/wp-json\/wp\/v2\/posts"}],"about":[{"href":"https:\/\/www.hotelvisegrad.hu\/sk\/wp-json\/wp\/v2\/types\/post"}],"author":[{"embeddable":true,"href":"https:\/\/www.hotelvisegrad.hu\/sk\/wp-json\/wp\/v2\/users\/3"}],"replies":[{"embeddable":true,"href":"https:\/\/www.hotelvisegrad.hu\/sk\/wp-json\/wp\/v2\/comments?post=250112"}],"version-history":[{"count":0,"href":"https:\/\/www.hotelvisegrad.hu\/sk\/wp-json\/wp\/v2\/posts\/250112\/revisions"}],"wp:featuredmedia":[{"embeddable":true,"href":"https:\/\/www.hotelvisegrad.hu\/sk\/wp-json\/wp\/v2\/media\/23532"}],"wp:attachment":[{"href":"https:\/\/www.hotelvisegrad.hu\/sk\/wp-json\/wp\/v2\/media?parent=250112"}],"wp:term":[{"taxonomy":"category","embeddable":true,"href":"https:\/\/www.hotelvisegrad.hu\/sk\/wp-json\/wp\/v2\/categories?post=250112"},{"taxonomy":"post_tag","embeddable":true,"href":"https:\/\/www.hotelvisegrad.hu\/sk\/wp-json\/wp\/v2\/tags?post=250112"}],"curies":[{"name":"wp","href":"https:\/\/api.w.org\/{rel}","templated":true}]}}