{"id":23408,"date":"2023-11-23T14:36:25","date_gmt":"2023-11-23T14:36:25","guid":{"rendered":"https:\/\/www.hotelvisegrad.hu\/od-zaciatku-bolo-nasim-cielom-poskytnut-nieco-co-by-sme-uvitali-aj-my\/"},"modified":"2023-11-23T14:36:25","modified_gmt":"2023-11-23T14:36:25","slug":"od-zaciatku-bolo-nasim-cielom-poskytnut-nieco-co-by-sme-uvitali-aj-my","status":"publish","type":"post","link":"https:\/\/www.hotelvisegrad.hu\/sk\/od-zaciatku-bolo-nasim-cielom-poskytnut-nieco-co-by-sme-uvitali-aj-my\/","title":{"rendered":"&#8222;Od za\u010diatku bolo na\u0161\u00edm cie\u013eom poskytn\u00fa\u0165 nie\u010do, \u010do by sme uv\u00edtali aj my.&#8220;"},"content":{"rendered":"<p><strong>Hist\u00f3ria hotela Visegr\u00e1d sa za\u010dala p\u00edsa\u0165 v roku 1999 a po\u010das uplynul\u00fdch 24 rokov sme sa v\u017edy dr\u017eali rovnakej priority: prev\u00e1dzkova\u0165 hotel a pon\u00faka\u0165 slu\u017eby, ktor\u00e9 sami h\u013ead\u00e1me vo svete, ke\u010f si chceme odd\u00fdchnu\u0165.<\/strong><\/p>\n<p>Vy\u0161ehrad je pre n\u00e1s ve\u013ek\u00fdm darom, za ktor\u00fd nem\u00f4\u017eeme by\u0165 Bohovi dostato\u010dne v\u010fa\u010dn\u00ed. Tu v z\u00e1krute Dunaja m\u00f4\u017eeme \u017ei\u0165 na mieste, ktor\u00e9 je bez preh\u00e1\u0148ania ako zo sna. Tento pocit, t\u00fato nekone\u010dn\u00fa vibr\u00e1ciu by sme chceli uk\u00e1za\u0165 ka\u017ed\u00e9mu, kto je tomu otvoren\u00fd, a ka\u017ed\u00e9mu, pre koho s\u00fa oddych a rekre\u00e1cia synonymom bl\u00edzkosti pr\u00edrody a d\u00f4vern\u00fdch, rodinn\u00fdch vz\u0165ahov.<br \/>\nTo je ars poetica Hotela Visegr\u00e1d.<\/p>\n<blockquote class=\"wp-embedded-content\" data-secret=\"uECn9o1Tnw\"><p><a href=\"https:\/\/www.hotelvisegrad.hu\/sk\/o-nas\/\">O n\u00e1s<\/a><\/p><\/blockquote>\n<p><iframe loading=\"lazy\" class=\"wp-embedded-content\" sandbox=\"allow-scripts\" security=\"restricted\" style=\"position: absolute; clip: rect(1px, 1px, 1px, 1px);\" title=\"&#8220;O n\u00e1s&#8221; &#8212; Hotel Visegr\u00e1d****\" src=\"https:\/\/www.hotelvisegrad.hu\/sk\/o-nas\/embed\/#?secret=TmmK5J3jas#?secret=uECn9o1Tnw\" data-secret=\"uECn9o1Tnw\" width=\"600\" height=\"338\" frameborder=\"0\" marginwidth=\"0\" marginheight=\"0\" scrolling=\"no\"><\/iframe><\/p>\n","protected":false},"excerpt":{"rendered":"<p>Ohyb Dunaja, Visegr\u00e1d je obrovsk\u00fd dar, ktor\u00fd chceme uk\u00e1za\u0165 \u010do najv\u00e4\u010d\u0161iemu po\u010dtu \u013eud\u00ed v jeho autentickej kr\u00e1se.<\/p>\n","protected":false},"author":3,"featured_media":22797,"comment_status":"closed","ping_status":"closed","sticky":false,"template":"","format":"standard","meta":{"_et_pb_use_builder":"","_et_pb_old_content":"","_et_gb_content_width":"","footnotes":""},"categories":[1038],"tags":[],"class_list":["post-23408","post","type-post","status-publish","format-standard","has-post-thumbnail","hentry","category-blog-sk"],"_links":{"self":[{"href":"https:\/\/www.hotelvisegrad.hu\/sk\/wp-json\/wp\/v2\/posts\/23408","targetHints":{"allow":["GET"]}}],"collection":[{"href":"https:\/\/www.hotelvisegrad.hu\/sk\/wp-json\/wp\/v2\/posts"}],"about":[{"href":"https:\/\/www.hotelvisegrad.hu\/sk\/wp-json\/wp\/v2\/types\/post"}],"author":[{"embeddable":true,"href":"https:\/\/www.hotelvisegrad.hu\/sk\/wp-json\/wp\/v2\/users\/3"}],"replies":[{"embeddable":true,"href":"https:\/\/www.hotelvisegrad.hu\/sk\/wp-json\/wp\/v2\/comments?post=23408"}],"version-history":[{"count":0,"href":"https:\/\/www.hotelvisegrad.hu\/sk\/wp-json\/wp\/v2\/posts\/23408\/revisions"}],"wp:featuredmedia":[{"embeddable":true,"href":"https:\/\/www.hotelvisegrad.hu\/sk\/wp-json\/wp\/v2\/media\/22797"}],"wp:attachment":[{"href":"https:\/\/www.hotelvisegrad.hu\/sk\/wp-json\/wp\/v2\/media?parent=23408"}],"wp:term":[{"taxonomy":"category","embeddable":true,"href":"https:\/\/www.hotelvisegrad.hu\/sk\/wp-json\/wp\/v2\/categories?post=23408"},{"taxonomy":"post_tag","embeddable":true,"href":"https:\/\/www.hotelvisegrad.hu\/sk\/wp-json\/wp\/v2\/tags?post=23408"}],"curies":[{"name":"wp","href":"https:\/\/api.w.org\/{rel}","templated":true}]}}