{"id":23407,"date":"2023-11-23T14:25:28","date_gmt":"2023-11-23T14:25:28","guid":{"rendered":"https:\/\/www.hotelvisegrad.hu\/hotel-visegrad-mysli-aj-na-duchom-mladych\/"},"modified":"2023-11-23T14:25:28","modified_gmt":"2023-11-23T14:25:28","slug":"hotel-visegrad-mysli-aj-na-duchom-mladych","status":"publish","type":"post","link":"https:\/\/www.hotelvisegrad.hu\/sk\/hotel-visegrad-mysli-aj-na-duchom-mladych\/","title":{"rendered":"Hotel Visegr\u00e1d mysl\u00ed aj na duchom mlad\u00fdch"},"content":{"rendered":"<p><strong>Tento v\u00fdhodn\u00fd bal\u00ed\u010dek sme pripravili \u0161peci\u00e1lne pre na\u0161ich host\u00ed nad 62 rokov.<\/strong><\/p>\n<p>Wellness bal\u00ed\u010dek <em>Duchom mlad\u00ed<\/em> je ur\u010den\u00fd pre na\u0161ich mil\u00fdch host\u00ed, ktor\u00ed u\u017e <strong>dosiahli vek 62 rokov<\/strong> a medzi ich ob\u013e\u00faben\u00e9 aktivity patr\u00ed <strong>wellness, relax a zmyslupln\u00fd odpo\u010dinok<\/strong>.<\/p>\n<p>Bal\u00ed\u010dek, ktor\u00fd zah\u0155\u0148a <strong>z\u013eavu na mas\u00e1\u017ee<\/strong>, <strong>wellness bez obmedzen\u00ed<\/strong> a \u0161peci\u00e1lne programy Visegr\u00e1du, zaru\u010duje nefal\u0161ovan\u00fd relax v ohybe Dunaja a dokonca zah\u0155\u0148a aj prav\u00fa <strong>kr\u00e1\u013eovsk\u00fa hostinu<\/strong> v Re\u0161taur\u00e1cii Renaissance.<\/p>\n<p>Od <b class=\"thim-color-title\">38.900,-<\/b><strong>\u00a0Ft\u00a0<\/strong>\/2 osoby\/noc si m\u00f4\u017eete rezervova\u0165 na\u0161e izby s balk\u00f3nom s v\u00fdh\u013eadom na Dunaj alebo sl\u00e1vnu Citadelu, ako aj ve\u010dere formou bufetu alebo a&#8217;la carte vo vlastnej re\u0161taur\u00e1cii hotela Visegr\u00e1d.<\/p>\n<p><strong>Rezervujte si teraz<\/strong> a vychutnajte si jedine\u010dn\u00fd z\u00e1zrak Vy\u0161ehradu v \u010dase pod\u013ea vlastn\u00e9ho v\u00fdberu!<\/p>\n<blockquote class=\"wp-embedded-content\" data-secret=\"Ou0b1C149f\"><p><a href=\"https:\/\/www.hotelvisegrad.hu\/sk\/duchom-mladi-wellness-dovolenka-cez-tyzden\/\">Duchom mlad\u00ed &#8211; wellness dovolenka cez t\u00fd\u017ede\u0148<\/a><\/p><\/blockquote>\n<p><iframe loading=\"lazy\" class=\"wp-embedded-content\" sandbox=\"allow-scripts\" security=\"restricted\" style=\"position: absolute; clip: rect(1px, 1px, 1px, 1px);\" title=\"&#8220;Duchom mlad\u00ed &#8211; wellness dovolenka cez t\u00fd\u017ede\u0148&#8221; &#8212; Hotel Visegr\u00e1d****\" src=\"https:\/\/www.hotelvisegrad.hu\/sk\/duchom-mladi-wellness-dovolenka-cez-tyzden\/embed\/#?secret=BVYP3a6moN#?secret=Ou0b1C149f\" data-secret=\"Ou0b1C149f\" width=\"600\" height=\"338\" frameborder=\"0\" marginwidth=\"0\" marginheight=\"0\" scrolling=\"no\"><\/iframe><\/p>\n","protected":false},"excerpt":{"rendered":"<p>Ve\u013ekolep\u00fd vy\u0161ehradsk\u00fd wellness bal\u00ed\u010dek ur\u010den\u00fd pre na\u0161ich host\u00ed nad 62 rokov.<\/p>\n","protected":false},"author":3,"featured_media":22103,"comment_status":"closed","ping_status":"closed","sticky":false,"template":"","format":"standard","meta":{"_et_pb_use_builder":"","_et_pb_old_content":"","_et_gb_content_width":"","footnotes":""},"categories":[1038],"tags":[1256,1090,1333,1299,1192],"class_list":["post-23407","post","type-post","status-publish","format-standard","has-post-thumbnail","hentry","category-blog-sk","tag-hotel-v-ohybe-dunaja","tag-kralovska-hostina","tag-oddych-v-starsom-veku","tag-szallas-visegradon-sk","tag-visegradi-wellness-sk"],"_links":{"self":[{"href":"https:\/\/www.hotelvisegrad.hu\/sk\/wp-json\/wp\/v2\/posts\/23407","targetHints":{"allow":["GET"]}}],"collection":[{"href":"https:\/\/www.hotelvisegrad.hu\/sk\/wp-json\/wp\/v2\/posts"}],"about":[{"href":"https:\/\/www.hotelvisegrad.hu\/sk\/wp-json\/wp\/v2\/types\/post"}],"author":[{"embeddable":true,"href":"https:\/\/www.hotelvisegrad.hu\/sk\/wp-json\/wp\/v2\/users\/3"}],"replies":[{"embeddable":true,"href":"https:\/\/www.hotelvisegrad.hu\/sk\/wp-json\/wp\/v2\/comments?post=23407"}],"version-history":[{"count":0,"href":"https:\/\/www.hotelvisegrad.hu\/sk\/wp-json\/wp\/v2\/posts\/23407\/revisions"}],"wp:featuredmedia":[{"embeddable":true,"href":"https:\/\/www.hotelvisegrad.hu\/sk\/wp-json\/wp\/v2\/media\/22103"}],"wp:attachment":[{"href":"https:\/\/www.hotelvisegrad.hu\/sk\/wp-json\/wp\/v2\/media?parent=23407"}],"wp:term":[{"taxonomy":"category","embeddable":true,"href":"https:\/\/www.hotelvisegrad.hu\/sk\/wp-json\/wp\/v2\/categories?post=23407"},{"taxonomy":"post_tag","embeddable":true,"href":"https:\/\/www.hotelvisegrad.hu\/sk\/wp-json\/wp\/v2\/tags?post=23407"}],"curies":[{"name":"wp","href":"https:\/\/api.w.org\/{rel}","templated":true}]}}