{"id":23400,"date":"2023-11-23T15:28:40","date_gmt":"2023-11-23T15:28:40","guid":{"rendered":"https:\/\/www.hotelvisegrad.hu\/mikulasske-dni-5-7-december-hotel-visegrad\/"},"modified":"2023-11-23T15:31:41","modified_gmt":"2023-11-23T15:31:41","slug":"mikulasske-dni-5-7-december-hotel-visegrad","status":"publish","type":"post","link":"https:\/\/www.hotelvisegrad.hu\/sk\/mikulasske-dni-5-7-december-hotel-visegrad\/","title":{"rendered":"Mikul\u00e1\u0161ske dni (5-7. december) &#8211; Hotel Visegr\u00e1d"},"content":{"rendered":"<p><strong>Pozdravte Mikul\u00e1\u0161a s najmen\u0161\u00edmi aj tento rok vo Vy\u0161ehrade!<\/strong><\/p>\n<p>N\u00e1\u0161 bal\u00ed\u010dek, ktor\u00fd je mo\u017en\u00e9 rezervova\u0165 na dve a viac noc\u00ed, je \u0161peci\u00e1lne navrhnut\u00fd pre rodiny a na\u0161\u00edm hlavn\u00fdm cie\u013eom bolo poskytn\u00fa\u0165 najmen\u0161\u00edm neobvikl\u00fd rodinn\u00fd z\u00e1\u017eitok na tohtoro\u010dn\u00e9 priv\u00edtanie Mikul\u00e1\u0161a.<\/p>\n<p>Samozrejme, nudi\u0165 sa nebud\u00fa ani rodi\u010dia, preto\u017ee okrem mikul\u00e1\u0161skych poch\u00fa\u0165ok vo Wellness Bare, stretnutia s Mikul\u00e1\u0161om a pr\u00edpravy mikul\u00e1\u0161skeho bal\u00ed\u010dka na izbe pripravujeme okrem in\u00e9ho aj tak\u00e9 \u0161peciality ako napr.<\/p>\n<ul>\n<li>mo\u017enos\u0165 rezerv\u00e1cie celodennej bowlingovej dr\u00e1hy,<\/li>\n<li>sviato\u010dn\u00e1 \u017eiv\u00e1 hudba,<\/li>\n<li>uk\u00e1\u017eka rytierskeho turnaja, alebo n\u00e1v\u0161teva kr\u00e1\u013eovsk\u00e9ho pal\u00e1ca so sprievodcom,<\/li>\n<li>kr\u00e1\u013eovsk\u00e1 hostina v re\u0161taur\u00e1cii Renaissance,<\/li>\n<li>a neobmedzen\u00e9 pou\u017e\u00edvanie wellness.<\/li>\n<\/ul>\n<p>Pre podrobnosti kliknite na odkaz ni\u017e\u0161ie, REZERVUJTE TERAZ!<\/p>\n<blockquote class=\"wp-embedded-content\" data-secret=\"00jlWNw3S6\"><p><a href=\"https:\/\/www.hotelvisegrad.hu\/sk\/mikulasske-dni\/\">Mikul\u00e1\u0161ske dni<\/a><\/p><\/blockquote>\n<p><iframe loading=\"lazy\" class=\"wp-embedded-content\" sandbox=\"allow-scripts\" security=\"restricted\" style=\"position: absolute; clip: rect(1px, 1px, 1px, 1px);\" title=\"&#8220;Mikul\u00e1\u0161ske dni&#8221; &#8212; Hotel Visegr\u00e1d****\" src=\"https:\/\/www.hotelvisegrad.hu\/sk\/mikulasske-dni\/embed\/#?secret=isRxf2lZZ2#?secret=00jlWNw3S6\" data-secret=\"00jlWNw3S6\" width=\"600\" height=\"338\" frameborder=\"0\" marginwidth=\"0\" marginheight=\"0\" scrolling=\"no\"><\/iframe><\/p>\n<p>&nbsp;<\/p>\n","protected":false},"excerpt":{"rendered":"<p>Mikul\u00e1\u0161ske dni organizovan\u00e9 Hotelom Visegr\u00e1d!<\/p>\n","protected":false},"author":3,"featured_media":22938,"comment_status":"closed","ping_status":"closed","sticky":false,"template":"","format":"standard","meta":{"_et_pb_use_builder":"","_et_pb_old_content":"","_et_gb_content_width":"","footnotes":""},"categories":[1038],"tags":[1327,1197,1323,1322,1325,1326,1324,1193],"class_list":["post-23400","post","type-post","status-publish","format-standard","has-post-thumbnail","hentry","category-blog-sk","tag-6-december","tag-dunakanyar-sk","tag-mikulasske-dni","tag-mikulassky-program","tag-mikulassky-wellness","tag-rodinne-programy","tag-wellness-hotel","tag-wellness-visegradon-sk"],"_links":{"self":[{"href":"https:\/\/www.hotelvisegrad.hu\/sk\/wp-json\/wp\/v2\/posts\/23400","targetHints":{"allow":["GET"]}}],"collection":[{"href":"https:\/\/www.hotelvisegrad.hu\/sk\/wp-json\/wp\/v2\/posts"}],"about":[{"href":"https:\/\/www.hotelvisegrad.hu\/sk\/wp-json\/wp\/v2\/types\/post"}],"author":[{"embeddable":true,"href":"https:\/\/www.hotelvisegrad.hu\/sk\/wp-json\/wp\/v2\/users\/3"}],"replies":[{"embeddable":true,"href":"https:\/\/www.hotelvisegrad.hu\/sk\/wp-json\/wp\/v2\/comments?post=23400"}],"version-history":[{"count":1,"href":"https:\/\/www.hotelvisegrad.hu\/sk\/wp-json\/wp\/v2\/posts\/23400\/revisions"}],"predecessor-version":[{"id":23404,"href":"https:\/\/www.hotelvisegrad.hu\/sk\/wp-json\/wp\/v2\/posts\/23400\/revisions\/23404"}],"wp:featuredmedia":[{"embeddable":true,"href":"https:\/\/www.hotelvisegrad.hu\/sk\/wp-json\/wp\/v2\/media\/22938"}],"wp:attachment":[{"href":"https:\/\/www.hotelvisegrad.hu\/sk\/wp-json\/wp\/v2\/media?parent=23400"}],"wp:term":[{"taxonomy":"category","embeddable":true,"href":"https:\/\/www.hotelvisegrad.hu\/sk\/wp-json\/wp\/v2\/categories?post=23400"},{"taxonomy":"post_tag","embeddable":true,"href":"https:\/\/www.hotelvisegrad.hu\/sk\/wp-json\/wp\/v2\/tags?post=23400"}],"curies":[{"name":"wp","href":"https:\/\/api.w.org\/{rel}","templated":true}]}}