{"id":21738,"date":"2023-03-06T11:54:41","date_gmt":"2023-03-06T11:54:41","guid":{"rendered":"https:\/\/www.hotelvisegrad.hu\/prve-jarne-dni-vo-vysehrade\/"},"modified":"2023-03-06T12:27:44","modified_gmt":"2023-03-06T12:27:44","slug":"prve-jarne-dni-vo-vysehrade","status":"publish","type":"post","link":"https:\/\/www.hotelvisegrad.hu\/sk\/prve-jarne-dni-vo-vysehrade\/","title":{"rendered":"Prv\u00e9 jarn\u00e9 dni vo Vy\u0161ehrade"},"content":{"rendered":"<p>Na\u0161a ponuka bal\u00edkov je k dispoz\u00edcii na obdobie marcov\u00fdch pr\u00e1zdnin, tak\u017ee si m\u00f4\u017eete rezervova\u0165 pobyt od 14. do 16. marca <strong>aj na 1 noc<\/strong>! Priv\u00edtajte jar vo Vy\u0161ehrade!<\/p>\n<p>Na z\u00e1klade s\u00fa\u010dasn\u00fdch poveternostn\u00fdch podmienok a sk\u00fasenost\u00ed z posledn\u00fdch rokov m\u00f4\u017eeme v polovici marca o\u010dak\u00e1va\u0165 naozaj pr\u00edjemn\u00e9 po\u010dasie. Samozrejme, nevad\u00ed n\u00e1m ani to, ak to vonku nie je \u00faplne v poriadku, preto\u017ee na\u0161a wellness z\u00f3na pon\u00faka cel\u00fd rad mo\u017enost\u00ed, ktor\u00e9 v\u00e1m pom\u00f4\u017eu pre\u017ei\u0165 aj chladnej\u0161ie dni.<\/p>\n<p><strong>Podrobnosti o na\u0161ej ponuke bal\u00edkov n\u00e1jdete kliknut\u00edm na odkaz ni\u017e\u0161ie:<\/strong><\/p>\n<blockquote class=\"wp-embedded-content\" data-secret=\"5NyhSjcF9N\"><p><a href=\"https:\/\/www.hotelvisegrad.hu\/sk\/15-marec\/\">15. marec<\/a><\/p><\/blockquote>\n<p><iframe loading=\"lazy\" class=\"wp-embedded-content\" sandbox=\"allow-scripts\" security=\"restricted\" style=\"position: absolute; clip: rect(1px, 1px, 1px, 1px);\" title=\"&#8220;15. marec&#8221; &#8212; Hotel Visegr\u00e1d****\" src=\"https:\/\/www.hotelvisegrad.hu\/sk\/15-marec\/embed\/#?secret=whpYRnDPVS#?secret=5NyhSjcF9N\" data-secret=\"5NyhSjcF9N\" width=\"600\" height=\"338\" frameborder=\"0\" marginwidth=\"0\" marginheight=\"0\" scrolling=\"no\"><\/iframe><\/p>\n","protected":false},"excerpt":{"rendered":"<p>Na\u0161a ponuka bal\u00edkov je k dispoz\u00edcii na obdobie marcov\u00fdch pr\u00e1zdnin, tak\u017ee si m\u00f4\u017eete rezervova\u0165 pobyt od 14. do 16. marca aj na 1 noc! Priv\u00edtajte jar vo Vy\u0161ehrade! Na z\u00e1klade s\u00fa\u010dasn\u00fdch poveternostn\u00fdch podmienok a sk\u00fasenost\u00ed z posledn\u00fdch rokov m\u00f4\u017eeme v polovici marca o\u010dak\u00e1va\u0165 naozaj pr\u00edjemn\u00e9 po\u010dasie. Samozrejme, nevad\u00ed n\u00e1m ani to, ak to vonku nie [&hellip;]<\/p>\n","protected":false},"author":3,"featured_media":19519,"comment_status":"closed","ping_status":"closed","sticky":false,"template":"","format":"standard","meta":{"_et_pb_use_builder":"","_et_pb_old_content":"","_et_gb_content_width":"","footnotes":""},"categories":[1038,991],"tags":[1236,1223,1102,1235,1237,1193],"class_list":["post-21738","post","type-post","status-publish","format-standard","has-post-thumbnail","hentry","category-blog-sk","category-uncategorized-sk","tag-hotel-v-pilisi","tag-hotel-vo-vysehrade","tag-jarny-wellness","tag-marcovy-wellness","tag-wellness-oddych","tag-wellness-visegradon-sk"],"_links":{"self":[{"href":"https:\/\/www.hotelvisegrad.hu\/sk\/wp-json\/wp\/v2\/posts\/21738","targetHints":{"allow":["GET"]}}],"collection":[{"href":"https:\/\/www.hotelvisegrad.hu\/sk\/wp-json\/wp\/v2\/posts"}],"about":[{"href":"https:\/\/www.hotelvisegrad.hu\/sk\/wp-json\/wp\/v2\/types\/post"}],"author":[{"embeddable":true,"href":"https:\/\/www.hotelvisegrad.hu\/sk\/wp-json\/wp\/v2\/users\/3"}],"replies":[{"embeddable":true,"href":"https:\/\/www.hotelvisegrad.hu\/sk\/wp-json\/wp\/v2\/comments?post=21738"}],"version-history":[{"count":5,"href":"https:\/\/www.hotelvisegrad.hu\/sk\/wp-json\/wp\/v2\/posts\/21738\/revisions"}],"predecessor-version":[{"id":21747,"href":"https:\/\/www.hotelvisegrad.hu\/sk\/wp-json\/wp\/v2\/posts\/21738\/revisions\/21747"}],"wp:featuredmedia":[{"embeddable":true,"href":"https:\/\/www.hotelvisegrad.hu\/sk\/wp-json\/wp\/v2\/media\/19519"}],"wp:attachment":[{"href":"https:\/\/www.hotelvisegrad.hu\/sk\/wp-json\/wp\/v2\/media?parent=21738"}],"wp:term":[{"taxonomy":"category","embeddable":true,"href":"https:\/\/www.hotelvisegrad.hu\/sk\/wp-json\/wp\/v2\/categories?post=21738"},{"taxonomy":"post_tag","embeddable":true,"href":"https:\/\/www.hotelvisegrad.hu\/sk\/wp-json\/wp\/v2\/tags?post=21738"}],"curies":[{"name":"wp","href":"https:\/\/api.w.org\/{rel}","templated":true}]}}