{"id":20323,"date":"2022-03-03T09:17:04","date_gmt":"2022-03-03T09:17:04","guid":{"rendered":"https:\/\/www.hotelvisegrad.hu\/last-minute-vylet-na-1-noc\/"},"modified":"2026-04-13T08:58:21","modified_gmt":"2026-04-13T08:58:21","slug":"2-dni-1-noc-wellness-a-kralovska-hostina","status":"publish","type":"post","link":"https:\/\/www.hotelvisegrad.hu\/sk\/2-dni-1-noc-wellness-a-kralovska-hostina\/","title":{"rendered":"R\u00fdchly wellness"},"content":{"rendered":"<p>[et_pb_section fb_built=&#8220;1&#8243; admin_label=&#8220;FEJLEC&#8220; _builder_version=&#8220;4.16&#8243; _dynamic_attributes=&#8220;background_image&#8220; _module_preset=&#8220;default&#8220; background_enable_color=&#8220;off&#8220; background_image=&#8220;@ET-DC@eyJkeW5hbWljIjp0cnVlLCJjb250ZW50IjoicG9zdF9mZWF0dXJlZF9pbWFnZSIsInNldHRpbmdzIjp7fX0=@&#8220; min_height=&#8220;400px&#8220; global_colors_info=&#8220;{}&#8220; theme_builder_area=&#8220;post_content&#8220;][et_pb_row _builder_version=&#8220;4.21.0&#8243; _module_preset=&#8220;2c3722c0-227e-45c8-9254-97978a188986&#8243; global_colors_info=&#8220;{}&#8220; theme_builder_area=&#8220;post_content&#8220;][et_pb_column type=&#8220;4_4&#8243; _builder_version=&#8220;4.16&#8243; _module_preset=&#8220;default&#8220; global_colors_info=&#8220;{}&#8220; theme_builder_area=&#8220;post_content&#8220;][\/et_pb_column][\/et_pb_row][\/et_pb_section][et_pb_section fb_built=&#8220;1&#8243; _builder_version=&#8220;4.16&#8243; _module_preset=&#8220;default&#8220; background_color=&#8220;#d1d2d5&#8243; custom_margin=&#8220;0px||||false|false&#8220; custom_padding=&#8220;0px||||false|false&#8220; global_colors_info=&#8220;{}&#8220; theme_builder_area=&#8220;post_content&#8220;][et_pb_row _builder_version=&#8220;4.16&#8243; _module_preset=&#8220;default&#8220; background_color=&#8220;rgba(0,0,0,0)&#8220; custom_margin=&#8220;||0px||false|false&#8220; custom_padding=&#8220;||0px||false|false&#8220; global_colors_info=&#8220;{}&#8220; theme_builder_area=&#8220;post_content&#8220;][et_pb_column type=&#8220;4_4&#8243; _builder_version=&#8220;4.16&#8243; _module_preset=&#8220;default&#8220; background_enable_color=&#8220;off&#8220; global_colors_info=&#8220;{}&#8220; theme_builder_area=&#8220;post_content&#8220;][et_pb_text _builder_version=&#8220;4.25.1&#8243; _dynamic_attributes=&#8220;content&#8220; _module_preset=&#8220;default&#8220; header_font=&#8220;||||||||&#8220; header_text_align=&#8220;center&#8220; global_colors_info=&#8220;{}&#8220; theme_builder_area=&#8220;post_content&#8220;]@ET-DC@eyJkeW5hbWljIjp0cnVlLCJjb250ZW50IjoicG9zdF90aXRsZSIsInNldHRpbmdzIjp7ImJlZm9yZSI6IjxoMT4iLCJhZnRlciI6IjwvaDE+In19@[\/et_pb_text][\/et_pb_column][\/et_pb_row][et_pb_row column_structure=&#8220;1_4,3_4&#8243; _builder_version=&#8220;4.16&#8243; _module_preset=&#8220;default&#8220; global_colors_info=&#8220;{}&#8220; theme_builder_area=&#8220;post_content&#8220;][et_pb_column type=&#8220;1_4&#8243; _builder_version=&#8220;4.16&#8243; _module_preset=&#8220;default&#8220; global_colors_info=&#8220;{}&#8220; theme_builder_area=&#8220;post_content&#8220;][et_pb_text admin_label=&#8220;Text&#8220; _builder_version=&#8220;4.21.0&#8243; _dynamic_attributes=&#8220;content&#8220; _module_preset=&#8220;default&#8220; text_font=&#8220;|700|||||||&#8220; text_text_color=&#8220;#1c8b98&#8243; text_font_size=&#8220;36px&#8220; text_line_height=&#8220;1.1em&#8220; header_text_color=&#8220;#ffffff&#8220; text_orientation=&#8220;center&#8220; custom_margin=&#8220;24px|-36px|||false|false&#8220; custom_padding=&#8220;||0px|||&#8220; custom_css_main_element=&#8220;word-wrap: break-word;||&#8220; global_colors_info=&#8220;{}&#8220; theme_builder_area=&#8220;post_content&#8220;]@ET-DC@eyJkeW5hbWljIjp0cnVlLCJjb250ZW50IjoicG9zdF9leGNlcnB0Iiwic2V0dGluZ3MiOnsiYmVmb3JlIjoiIiwiYWZ0ZXIiOiIiLCJ3b3JkcyI6IiIsInJlYWRfbW9yZV9sYWJlbCI6IiJ9fQ==@[\/et_pb_text][\/et_pb_column][et_pb_column type=&#8220;3_4&#8243; _builder_version=&#8220;4.16&#8243; _module_preset=&#8220;default&#8220; global_colors_info=&#8220;{}&#8220; theme_builder_area=&#8220;post_content&#8220;][et_pb_text _builder_version=&#8220;4.27.4&#8243; _module_preset=&#8220;default&#8220; background_color=&#8220;rgba(255,255,255,0.89)&#8220; custom_padding=&#8220;30px|30px|30px|30px|false|false&#8220; global_colors_info=&#8220;{}&#8220; theme_builder_area=&#8220;post_content&#8220;]<\/p>\n<p><strong style=\"font-size: 15px;\">Vyu\u017e\u00edvajte na\u0161e wellness slu\u017eby od r\u00e1na v\u00e1\u0161ho pr\u00edchodu a\u017e do neskor\u00fdch hod\u00edn nasleduj\u00faceho d\u0148a <span style=\"text-decoration-line: underline; color: #e02b20;\">BEZ PR\u00cdPLATKU! <\/span><\/strong><span style=\"font-size: 15px;\">(Pred\u013a\u017eenie izby z\u00e1vis\u00ed od dostupnosti)<\/span><\/p>\n<p>Od <b class=\"thim-color-title\">55,90 \u20ac \/ osoba \/ noc a 85,90 \u20ac \/ osoba \/ noc, v z\u00e1vislosti od obdobia (N\u00e1\u0161 hotel vyu\u017e\u00edva dynamick\u00fa cenotvorbu, tak\u017ee ceny sa zvy\u0161uj\u00fa alebo zni\u017euj\u00fa v z\u00e1vislosti od po\u010dtu predan\u00fdch izieb. Inform\u00e1cie o aktu\u00e1lnych cen\u00e1ch n\u00e1jdete v sekcii Rezerv\u00e1cia, alebo n\u00e1m po\u0161lite e-mail, pr\u00edpadne n\u00e1m zavolajte.)<br \/><\/b><br \/><b class=\"thim-color-title\">Ponuka bal\u00edka plat\u00ed v term\u00ednoch pr\u00edchodu uveden\u00fdch hotelom a uveden\u00fdch v rezerva\u010dnom kalend\u00e1ri na 2 dni a 1 noc.<\/b><\/p>\n<p><b class=\"thim-color-title\">Term\u00edny s\u00fa aktualizovan\u00e9 v z\u00e1vislosti od dostupnosti.<\/b><\/p>\n<p><span style=\"font-size: large;\"><span style=\"color: #00899e;\"><b class=\"thim-color-title\">Plat\u00ed v nasleduj\u00facich term\u00ednoch pr\u00edchodu:<\/b><\/span><\/span><b class=\"thim-color-title\"><br \/>19, 26 Apr\u00edla 2026<br \/>6, 10, 17, 25, 27, 30 M\u00e1ja 2026<br \/>6, 13, 21, 28 J\u00fana 2026<\/b><\/p>\n<p>Na\u0161im hos\u0165om pon\u00fakame v de\u0148 pr\u00edchodu a odchodu z\u013eavnen\u00fd obed a\u2019la carte (z\u013eava -10 %) v na\u0161ej re\u0161taur\u00e1cii Sir\u00e1ly a v pr\u00edpade pred\u013a\u017eenia pobytu ve\u010deru formou bufetu.<\/p>\n<p>[\/et_pb_text][\/et_pb_column][\/et_pb_row][\/et_pb_section][et_pb_section fb_built=&#8220;1&#8243; prev_background_color=&#8220;#d1d2d5&#8243; admin_label=&#8220;Section&#8220; _builder_version=&#8220;4.16&#8243; _module_preset=&#8220;default&#8220; background_color=&#8220;#E14B3B&#8220; custom_margin=&#8220;||||false|false&#8220; custom_padding=&#8220;||||false|false&#8220; top_divider_style=&#8220;slant2&#8243; top_divider_style_tablet=&#8220;&#8220; top_divider_style_phone=&#8220;&#8220; top_divider_style_last_edited=&#8220;on|desktop&#8220; global_colors_info=&#8220;{}&#8220; theme_builder_area=&#8220;post_content&#8220;][et_pb_row _builder_version=&#8220;4.16&#8243; _module_preset=&#8220;default&#8220; custom_padding=&#8220;50px||||false|false&#8220; global_colors_info=&#8220;{}&#8220; theme_builder_area=&#8220;post_content&#8220;][et_pb_column type=&#8220;4_4&#8243; _builder_version=&#8220;4.16&#8243; _module_preset=&#8220;default&#8220; global_colors_info=&#8220;{}&#8220; theme_builder_area=&#8220;post_content&#8220;][et_pb_text _builder_version=&#8220;4.16&#8243; _module_preset=&#8220;default&#8220; text_text_color=&#8220;#ffffff&#8220; header_text_color=&#8220;#ffffff&#8220; custom_margin=&#8220;||0px||false|false&#8220; custom_padding=&#8220;||0px||false|false&#8220; global_colors_info=&#8220;{}&#8220; theme_builder_area=&#8220;post_content&#8220;]<\/p>\n<h1 class=\"widget-title\" style=\"text-align: center;\">Obsah bal\u00ed\u010dka<\/h1>\n<p>[\/et_pb_text][et_pb_divider color=&#8220;#ffffff&#8220; divider_weight=&#8220;2px&#8220; _builder_version=&#8220;4.16&#8243; _module_preset=&#8220;default&#8220; module_alignment=&#8220;center&#8220; custom_margin=&#8220;||0px||false|false&#8220; custom_padding=&#8220;||0px||false|false&#8220; animation_style=&#8220;slide&#8220; animation_direction=&#8220;right&#8220; global_colors_info=&#8220;{}&#8220; theme_builder_area=&#8220;post_content&#8220;][\/et_pb_divider][et_pb_text module_class=&#8220;custom_bullets_wpcc custom_bullets_wpcc&#8211;check&#8220; _builder_version=&#8220;4.16&#8243; _module_preset=&#8220;default&#8220; text_text_color=&#8220;#ffffff&#8220; link_font=&#8220;|700|||||||&#8220; link_text_color=&#8220;#ffffff&#8220; header_text_color=&#8220;#ffffff&#8220; header_3_text_color=&#8220;#ffffff&#8220; background_enable_color=&#8220;off&#8220; background_layout=&#8220;dark&#8220; custom_margin=&#8220;0px||0px||false|false&#8220; custom_padding=&#8220;0px||0px||false|false&#8220; global_colors_info=&#8220;{}&#8220; theme_builder_area=&#8220;post_content&#8220;]<\/p>\n<ul>\n<li>Vyu\u017e\u00edvanie wellness a vonkaj\u0161\u00edch baz\u00e9nov od skor\u00e9ho r\u00e1na v de\u0148 pr\u00edchodu do neskor\u00e9ho ve\u010dera v de\u0148 odchodu.<br \/>\n\u00daschov\u0148a bato\u017einy je k dispoz\u00edcii na recepcii pred ubytovan\u00edm (izba je k dispoz\u00edcii od 14:00).<\/p>\n<p>&nbsp;<\/p>\n<p>&#8211; <b style=\"font-size: 15px;\">Ubytovanie <\/b><span style=\"font-size: 15px;\">v kompletne vybavenej izbe s balk\u00f3nom (TV, telef\u00f3n, minibar, trezor na izbe, balk\u00f3n, wifi)<br \/><\/span><b style=\"font-size: 15px;\">&#8211; Polpenzia<\/b><span style=\"font-size: 15px;\"> nasledovne:<br \/><\/span>&#8211; Bohat\u00e9 ra\u0148ajky formou bufetu<br \/>&#8211; <b>Ve\u010dera v hotelovej re\u0161taur\u00e1cii Sir\u00e1ly<\/b> (bufetov\u00e9 stoly alebo a\u2019la carte v z\u00e1vislosti od po\u010dtu host\u00ed) alebo <b>kr\u00e1\u013eovsk\u00e1 hostina v re\u0161taur\u00e1cii Renaissance<\/b> s aperit\u00edvom, neobmedzen\u00e1 konzum\u00e1cia bieleho i \u010derven\u00e9ho v\u00edna a nealkoholick\u00fdch n\u00e1pojov (pri rezerv\u00e1cii pros\u00edme uve\u010fte, ktor\u00fa ve\u010deru si \u017eel\u00e1te!)<br \/>&#8211; <b>Neobmedzen\u00e9 vyu\u017e\u00edvanie wellness z\u00f3ny v de\u0148 pr\u00edchodu a odchodu od 7:30 do 24:00:<\/b><br \/>vn\u00fatorn\u00fd baz\u00e9n s vyhrievanou vodou, detsk\u00fd baz\u00e9nik so \u0161m\u00fdka\u010dkou, v\u00edrivka, saunov\u00fd park (f\u00ednska-, bio- a infrasauna, parn\u00e1 kab\u00edna), vyhrievan\u00fd vonkaj\u0161\u00ed baz\u00e9n v letnom obdob\u00ed<br \/>&#8211; <b>Bezplatn\u00e1 po\u017ei\u010dov\u0148a bicyklov pre na\u0161ich host\u00ed<\/b><br \/>&#8211; <b>Popolud\u0148aj\u0161ia l\u00e1ngo\u0161ov\u00e1 p\u00e1rty alebo ponuka pag\u00e1\u010dov v pl\u00e1\u017eovom bare<\/b><br \/>&#8211; Pou\u017eitie vonkaj\u0161ieho parkoviska<br \/>&#8211; Vyu\u017e\u00edvanie bezdr\u00f4tov\u00e9ho internetu (WIFI)<\/p>\n<\/li>\n<\/ul>\n<p>[\/et_pb_text][\/et_pb_column][\/et_pb_row][et_pb_row column_structure=&#8220;2_5,3_5&#8243; _builder_version=&#8220;4.16&#8243; _module_preset=&#8220;default&#8220; custom_padding=&#8220;||||false|false&#8220; global_colors_info=&#8220;{}&#8220; theme_builder_area=&#8220;post_content&#8220;][et_pb_column type=&#8220;2_5&#8243; _builder_version=&#8220;4.16&#8243; _module_preset=&#8220;default&#8220; custom_padding=&#8220;||||false|false&#8220; global_colors_info=&#8220;{}&#8220; theme_builder_area=&#8220;post_content&#8220;][et_pb_blurb title=&#8220;Ubytovanie&#8220; image=&#8220;https:\/\/hotelvisegrad.hu\/wp-content\/uploads\/VisHotel201107_020_noTV_3_2-scaled-1.jpg&#8220; _builder_version=&#8220;4.16&#8243; _module_preset=&#8220;3d678457-c31c-4276-bf4c-3df7c9eca755&#8243; custom_padding=&#8220;||||false|false&#8220; global_colors_info=&#8220;{}&#8220; theme_builder_area=&#8220;post_content&#8220;]v kompletne vybavenej \u0161tandardnej izbe s balk\u00f3nom a v\u00fdh\u013eadomom na Dunaj alebo na Vy\u0161ehradsk\u00fd horn\u00fd hrad<br \/>\n[\/et_pb_blurb][et_pb_blurb title=&#8220;Bohat\u00e9 ra\u0148ajky formou bufetov\u00fdch stolov&#8220; image=&#8220;https:\/\/hotelvisegrad.hu\/wp-content\/uploads\/IMG_1408-Nagy.jpg&#8220; _builder_version=&#8220;4.16&#8243; _module_preset=&#8220;3d678457-c31c-4276-bf4c-3df7c9eca755&#8243; global_colors_info=&#8220;{}&#8220; theme_builder_area=&#8220;post_content&#8220;][\/et_pb_blurb][et_pb_blurb title=&#8220;Mo\u017enosti na odpo\u010dinok&#8220; image=&#8220;https:\/\/hotelvisegrad.hu\/wp-content\/uploads\/PIX_1887-Nagy-1.jpg&#8220; _builder_version=&#8220;4.17.4&#8243; _module_preset=&#8220;3d678457-c31c-4276-bf4c-3df7c9eca755&#8243; global_colors_info=&#8220;{}&#8220; theme_builder_area=&#8220;post_content&#8220;]<\/p>\n<p><img loading=\"lazy\" decoding=\"async\" src=\"https:\/\/www.hotelvisegrad.hu\/wp-content\/uploads\/\/PIX_5225-300x216.jpg\" width=\"397\" height=\"286\" alt=\"\" class=\"wp-image-20967 alignnone size-medium\" srcset=\"https:\/\/www.hotelvisegrad.hu\/wp-content\/uploads\/PIX_5225-300x216.jpg 300w, https:\/\/www.hotelvisegrad.hu\/wp-content\/uploads\/PIX_5225-1024x737.jpg 1024w, https:\/\/www.hotelvisegrad.hu\/wp-content\/uploads\/PIX_5225-768x553.jpg 768w, https:\/\/www.hotelvisegrad.hu\/wp-content\/uploads\/PIX_5225-1536x1106.jpg 1536w, https:\/\/www.hotelvisegrad.hu\/wp-content\/uploads\/PIX_5225-2048x1474.jpg 2048w, https:\/\/www.hotelvisegrad.hu\/wp-content\/uploads\/PIX_5225-1080x778.jpg 1080w, https:\/\/www.hotelvisegrad.hu\/wp-content\/uploads\/PIX_5225-1280x922.jpg 1280w, https:\/\/www.hotelvisegrad.hu\/wp-content\/uploads\/PIX_5225-980x706.jpg 980w, https:\/\/www.hotelvisegrad.hu\/wp-content\/uploads\/PIX_5225-480x346.jpg 480w\" sizes=\"(max-width: 397px) 100vw, 397px\" \/><img loading=\"lazy\" decoding=\"async\" src=\"https:\/\/www.hotelvisegrad.hu\/wp-content\/uploads\/\/6039_DSCF8565_190611_face-300x251.png\" width=\"397\" height=\"332\" alt=\"\" class=\"wp-image-20971 alignnone size-medium\" srcset=\"https:\/\/www.hotelvisegrad.hu\/wp-content\/uploads\/6039_DSCF8565_190611_face-300x251.png 300w, https:\/\/www.hotelvisegrad.hu\/wp-content\/uploads\/6039_DSCF8565_190611_face-1024x857.png 1024w, https:\/\/www.hotelvisegrad.hu\/wp-content\/uploads\/6039_DSCF8565_190611_face-768x643.png 768w, https:\/\/www.hotelvisegrad.hu\/wp-content\/uploads\/6039_DSCF8565_190611_face-1080x904.png 1080w, https:\/\/www.hotelvisegrad.hu\/wp-content\/uploads\/6039_DSCF8565_190611_face-980x820.png 980w, https:\/\/www.hotelvisegrad.hu\/wp-content\/uploads\/6039_DSCF8565_190611_face-480x402.png 480w, https:\/\/www.hotelvisegrad.hu\/wp-content\/uploads\/6039_DSCF8565_190611_face.png 1121w\" sizes=\"(max-width: 397px) 100vw, 397px\" \/><img loading=\"lazy\" decoding=\"async\" src=\"https:\/\/www.hotelvisegrad.hu\/wp-content\/uploads\/\/e-bike-kozpont-visegradon-visegradi-turisztikai-egyesulet-300x245.jpg\" width=\"399\" height=\"326\" alt=\"\" class=\"wp-image-17772 alignnone size-medium\" srcset=\"https:\/\/www.hotelvisegrad.hu\/wp-content\/uploads\/e-bike-kozpont-visegradon-visegradi-turisztikai-egyesulet-300x245.jpg 300w, https:\/\/www.hotelvisegrad.hu\/wp-content\/uploads\/e-bike-kozpont-visegradon-visegradi-turisztikai-egyesulet-1024x838.jpg 1024w, https:\/\/www.hotelvisegrad.hu\/wp-content\/uploads\/e-bike-kozpont-visegradon-visegradi-turisztikai-egyesulet-768x628.jpg 768w, https:\/\/www.hotelvisegrad.hu\/wp-content\/uploads\/e-bike-kozpont-visegradon-visegradi-turisztikai-egyesulet-1080x884.jpg 1080w, https:\/\/www.hotelvisegrad.hu\/wp-content\/uploads\/e-bike-kozpont-visegradon-visegradi-turisztikai-egyesulet-980x802.jpg 980w, https:\/\/www.hotelvisegrad.hu\/wp-content\/uploads\/e-bike-kozpont-visegradon-visegradi-turisztikai-egyesulet-480x393.jpg 480w, https:\/\/www.hotelvisegrad.hu\/wp-content\/uploads\/e-bike-kozpont-visegradon-visegradi-turisztikai-egyesulet.jpg 1100w\" sizes=\"(max-width: 399px) 100vw, 399px\" \/><\/p>\n<p>[\/et_pb_blurb][\/et_pb_column][et_pb_column type=&#8220;3_5&#8243; _builder_version=&#8220;4.16&#8243; _module_preset=&#8220;default&#8220; global_colors_info=&#8220;{}&#8220; theme_builder_area=&#8220;post_content&#8220;][et_pb_blurb title=&#8220;Wellness bez obmedzen\u00ed&#8220; image=&#8220;https:\/\/hotelvisegrad.hu\/wp-content\/uploads\/IMG_1606-Nagy.jpg&#8220; _builder_version=&#8220;4.16&#8243; _module_preset=&#8220;3d678457-c31c-4276-bf4c-3df7c9eca755&#8243; global_colors_info=&#8220;{}&#8220; theme_builder_area=&#8220;post_content&#8220;]F\u00ednska- a infrasauna, parn\u00e1 kab\u00edna, v\u00edrivka s panoramatick\u00fdm v\u00fdh\u013eadom, vn\u00fatorn\u00fd baz\u00e9n s vyhrievanou vodou, vonkaj\u0161\u00ed baz\u00e9n<br \/>\n[\/et_pb_blurb][et_pb_blurb title=&#8220;Volite\u013en\u00e1 kr\u00e1\u013eovsk\u00e1 hostina v re\u0161taur\u00e1cii Renaissance&#8230;&#8220; image=&#8220;https:\/\/hotelvisegrad.hu\/wp-content\/uploads\/IMG_1224-Nagy.jpg&#8220; _builder_version=&#8220;4.16&#8243; _module_preset=&#8220;3d678457-c31c-4276-bf4c-3df7c9eca755&#8243; global_colors_info=&#8220;{}&#8220; theme_builder_area=&#8220;post_content&#8220;]S aperit\u00edvom, s neobmedzenou konzum\u00e1ciou bieleho i \u010derven\u00e9ho v\u00edna a nealkoholick\u00fdch n\u00e1pojov[\/et_pb_blurb][et_pb_blurb title=&#8220;&#8230;alebo namiesto kr\u00e1\u013eovskej hostiny ve\u010dera vo forme bufetov\u00fdch stolov v re\u0161taur\u00e1cii Hotela Visegr\u00e1d&#8220; image=&#8220;https:\/\/hotelvisegrad.hu\/wp-content\/uploads\/IMG_4875-Nagy.jpg&#8220; _builder_version=&#8220;4.16&#8243; _module_preset=&#8220;3d678457-c31c-4276-bf4c-3df7c9eca755&#8243; global_colors_info=&#8220;{}&#8220; theme_builder_area=&#8220;post_content&#8220;]Pod\u013ea po\u010dtu formou bufetov\u00fdch stolov alebo a&#8217;la carte<br \/>\n[\/et_pb_blurb][\/et_pb_column][\/et_pb_row][\/et_pb_section][et_pb_section fb_built=&#8220;1&#8243; prev_background_color=&#8220;#E14B3B&#8220; _builder_version=&#8220;4.16&#8243; _module_preset=&#8220;default&#8220; background_image=&#8220;https:\/\/hotelvisegrad.hu\/wp-content\/uploads\/hatter1.png&#8220; top_divider_style=&#8220;slant2&#8243; global_colors_info=&#8220;{}&#8220; theme_builder_area=&#8220;post_content&#8220;][et_pb_row _builder_version=&#8220;4.16&#8243; _module_preset=&#8220;default&#8220; custom_padding=&#8220;50px||||false|false&#8220; global_colors_info=&#8220;{}&#8220; theme_builder_area=&#8220;post_content&#8220;][et_pb_column type=&#8220;4_4&#8243; _builder_version=&#8220;4.16&#8243; _module_preset=&#8220;default&#8220; global_colors_info=&#8220;{}&#8220; theme_builder_area=&#8220;post_content&#8220;][et_pb_text _builder_version=&#8220;4.16&#8243; _module_preset=&#8220;default&#8220; header_text_color=&#8220;#1c8b98&#8243; custom_margin=&#8220;||0px||false|false&#8220; custom_padding=&#8220;||0px||false|false&#8220; global_colors_info=&#8220;{}&#8220; theme_builder_area=&#8220;post_content&#8220;]<\/p>\n<h1 class=\"widget-title\" style=\"text-align: center;\">Rezervujte online s nasleduj\u00facimi v\u00fdhodami<\/h1>\n<p>[\/et_pb_text][et_pb_divider color=&#8220;#1c8b98&#8243; divider_weight=&#8220;2px&#8220; _builder_version=&#8220;4.16&#8243; _module_preset=&#8220;default&#8220; width=&#8220;20%&#8220; module_alignment=&#8220;center&#8220; animation_style=&#8220;slide&#8220; animation_direction=&#8220;left&#8220; global_colors_info=&#8220;{}&#8220; theme_builder_area=&#8220;post_content&#8220;][\/et_pb_divider][\/et_pb_column][\/et_pb_row][et_pb_row column_structure=&#8220;1_2,1_2&#8243; _builder_version=&#8220;4.16&#8243; _module_preset=&#8220;default&#8220; global_colors_info=&#8220;{}&#8220; theme_builder_area=&#8220;post_content&#8220;][et_pb_column type=&#8220;1_2&#8243; _builder_version=&#8220;4.16&#8243; _module_preset=&#8220;default&#8220; global_colors_info=&#8220;{}&#8220; theme_builder_area=&#8220;post_content&#8220;][et_pb_blurb title=&#8220;Zaru\u010den\u00e1 najlep\u0161ia cena!&#8220; use_icon=&#8220;on&#8220; font_icon=&#8220;&#xe0f3;||divi||400&#8243; icon_color=&#8220;#1c8b98&#8243; _builder_version=&#8220;4.16&#8243; _module_preset=&#8220;default&#8220; text_orientation=&#8220;center&#8220; global_colors_info=&#8220;{}&#8220; theme_builder_area=&#8220;post_content&#8220;][\/et_pb_blurb][\/et_pb_column][et_pb_column type=&#8220;1_2&#8243; _builder_version=&#8220;4.16&#8243; _module_preset=&#8220;default&#8220; global_colors_info=&#8220;{}&#8220; theme_builder_area=&#8220;post_content&#8220;][et_pb_blurb title=&#8220;Bohat\u00e9 programy&#8220; use_icon=&#8220;on&#8220; font_icon=&#8220;&#xe075;||divi||400&#8243; icon_color=&#8220;#1c8b98&#8243; _builder_version=&#8220;4.16&#8243; _module_preset=&#8220;default&#8220; text_orientation=&#8220;center&#8220; global_colors_info=&#8220;{}&#8220; theme_builder_area=&#8220;post_content&#8220;][\/et_pb_blurb][\/et_pb_column][\/et_pb_row][et_pb_row column_structure=&#8220;1_2,1_2&#8243; make_equal=&#8220;on&#8220; _builder_version=&#8220;4.16&#8243; _module_preset=&#8220;default&#8220; global_colors_info=&#8220;{}&#8220; theme_builder_area=&#8220;post_content&#8220;][et_pb_column type=&#8220;1_2&#8243; _builder_version=&#8220;4.16&#8243; _module_preset=&#8220;default&#8220; global_colors_info=&#8220;{}&#8220; theme_builder_area=&#8220;post_content&#8220;][et_pb_cta title=&#8220;Rezerv\u00e1cia&#8220; button_url=&#8220;https:\/\/www.hotelvisegrad.hu\/sk\/rezervacia\/&#8220; button_text=&#8220;Cenov\u00e1 kalkul\u00e1cia a rezerv\u00e1cia&#8220; _builder_version=&#8220;4.16&#8243; _module_preset=&#8220;default&#8220; background_color=&#8220;#1c8b98&#8243; global_colors_info=&#8220;{}&#8220; theme_builder_area=&#8220;post_content&#8220;]Vytvorte si cenov\u00fa kalkul\u00e1ciu a rezervujte si oddych online, s okam\u017eit\u00fdm potvrden\u00edm, \u013eahko, v nieko\u013ek\u00fdch krokoch, za 2 min\u00faty!<br \/>\n[\/et_pb_cta][\/et_pb_column][et_pb_column type=&#8220;1_2&#8243; _builder_version=&#8220;4.16&#8243; _module_preset=&#8220;default&#8220; global_colors_info=&#8220;{}&#8220; theme_builder_area=&#8220;post_content&#8220;][et_pb_cta title=&#8220;Cenov\u00e1 ponuka&#8220; button_url=&#8220;https:\/\/www.hotelvisegrad.hu\/sk\/cenova-ponuka\/&#8220; button_text=&#8220;Cenov\u00e1 ponuka&#8220; _builder_version=&#8220;4.16&#8243; _module_preset=&#8220;default&#8220; background_color=&#8220;#1c8b98&#8243; link_option_url=&#8220;https:\/\/www.hotelvisegrad.hu\/sk\/cenova-ponuka\/&#8220; global_colors_info=&#8220;{}&#8220; theme_builder_area=&#8220;post_content&#8220;]Vyp\u00fdtajte si na\u0161u ponuku za p\u00e1r sek\u00fand! Najnesk\u00f4r do 24 hod\u00edn v\u00e1m po\u0161leme na\u0161u cenov\u00fa ponuku na mieru!<br \/>\n[\/et_pb_cta][\/et_pb_column][\/et_pb_row][\/et_pb_section]<\/p>\n","protected":false},"excerpt":{"rendered":"<p>Zv\u00fdhodnen\u00e9 rapid rande v meste Visegr\u00e1d!<br \/>\n2 dni a 1 noc s neobmedzen\u00fdm wellness do polnoci<\/p>\n","protected":false},"author":1,"featured_media":21354,"comment_status":"closed","ping_status":"closed","sticky":false,"template":"","format":"standard","meta":{"_et_pb_use_builder":"on","_et_pb_old_content":"","_et_gb_content_width":"","footnotes":""},"categories":[1006],"tags":[],"class_list":["post-20323","post","type-post","status-publish","format-standard","has-post-thumbnail","hentry","category-ponuky"],"_links":{"self":[{"href":"https:\/\/www.hotelvisegrad.hu\/sk\/wp-json\/wp\/v2\/posts\/20323","targetHints":{"allow":["GET"]}}],"collection":[{"href":"https:\/\/www.hotelvisegrad.hu\/sk\/wp-json\/wp\/v2\/posts"}],"about":[{"href":"https:\/\/www.hotelvisegrad.hu\/sk\/wp-json\/wp\/v2\/types\/post"}],"author":[{"embeddable":true,"href":"https:\/\/www.hotelvisegrad.hu\/sk\/wp-json\/wp\/v2\/users\/1"}],"replies":[{"embeddable":true,"href":"https:\/\/www.hotelvisegrad.hu\/sk\/wp-json\/wp\/v2\/comments?post=20323"}],"version-history":[{"count":30,"href":"https:\/\/www.hotelvisegrad.hu\/sk\/wp-json\/wp\/v2\/posts\/20323\/revisions"}],"predecessor-version":[{"id":253682,"href":"https:\/\/www.hotelvisegrad.hu\/sk\/wp-json\/wp\/v2\/posts\/20323\/revisions\/253682"}],"wp:featuredmedia":[{"embeddable":true,"href":"https:\/\/www.hotelvisegrad.hu\/sk\/wp-json\/wp\/v2\/media\/21354"}],"wp:attachment":[{"href":"https:\/\/www.hotelvisegrad.hu\/sk\/wp-json\/wp\/v2\/media?parent=20323"}],"wp:term":[{"taxonomy":"category","embeddable":true,"href":"https:\/\/www.hotelvisegrad.hu\/sk\/wp-json\/wp\/v2\/categories?post=20323"},{"taxonomy":"post_tag","embeddable":true,"href":"https:\/\/www.hotelvisegrad.hu\/sk\/wp-json\/wp\/v2\/tags?post=20323"}],"curies":[{"name":"wp","href":"https:\/\/api.w.org\/{rel}","templated":true}]}}