{"id":20242,"date":"2022-02-28T16:56:01","date_gmt":"2022-02-28T16:56:01","guid":{"rendered":"https:\/\/www.hotelvisegrad.hu\/jarna-wellness-dovolenka-vo-vysehrade-rezervujte-teraz\/"},"modified":"2022-02-28T16:56:01","modified_gmt":"2022-02-28T16:56:01","slug":"jarna-wellness-dovolenka-vo-vysehrade-rezervujte-teraz","status":"publish","type":"post","link":"https:\/\/www.hotelvisegrad.hu\/sk\/jarna-wellness-dovolenka-vo-vysehrade-rezervujte-teraz\/","title":{"rendered":"Jarn\u00e1 wellness dovolenka vo Vy\u0161ehrade &#8211; Rezervujte teraz!"},"content":{"rendered":"<p><strong>Je \u010das vybra\u0165 si ide\u00e1lny \u010das na jarn\u00e9 wellness pr\u00e1zdniny. A tento rok v\u00e1s op\u00e4\u0165 \u010dak\u00e1 to najdokonalej\u0161ie miesto! Preto\u017ee ak wellness, tak ohyb Dunaja. A ke\u010f ohyb Dunaja, tak Hotel Visegr\u00e1d.<\/strong><\/p>\n<p>Samozrejmos\u0165ou je u\u017e zn\u00e1ma rodinn\u00e1 atmosf\u00e9ra. N\u00e1\u0161 program pon\u00faka s pr\u00edchodom priaznivej\u0161ieho po\u010dasia \u0161ir\u0161iu ponuku outdoorov\u00fdch aktiv\u00edt a pre t\u00fdch, ktor\u00ed sa e\u0161te neponorili hlb\u0161ie do tajomstiev Vy\u0161ehradskej gastron\u00f3mie, odpor\u00fa\u010dame najm\u00e4 n\u00e1\u0161 bal\u00ed\u010dek JARN\u00c9 OSVIE\u017dENIE, ktor\u00fd si m\u00f4\u017eete rezervova\u0165 <strong>od 15. marca<\/strong>.<\/p>\n<p>Na\u0161e ned\u00e1vno obnoven\u00e9 hotelov\u00e9 kr\u00eddlo a nov\u00e9 kr\u00eddlo pon\u00fakaj\u00fa izby s balk\u00f3nom s v\u00fdh\u013eadom na Vy\u0161ehradsk\u00fd horn\u00fd hrad a Dunaj a na\u0161i hostia m\u00f4\u017eu v r\u00e1mci bal\u00edka neobmedzene vyu\u017e\u00edva\u0165 na\u0161e wellness centrum a v z\u00e1vislosti od \u010dasu zah\u0155\u0148a aj uk\u00e1\u017eka rytierskeho turnaja alebo n\u00e1v\u0161tevu sl\u00e1vneho Kr\u00e1\u013eovsk\u00e9ho pal\u00e1ca so sprievodcom.<br \/>\nSpom\u00ednan\u00e1 gastronomick\u00e1 cesta objavovania by sa mala za\u010da\u0165 vo vlastnej hotelovej re\u0161taur\u00e1cii Sir\u00e1ly, a kde inde pokra\u010dova\u0165 ako v legend\u00e1rnej re\u0161taur\u00e1cii Renaissance, kde hostia, ktor\u00ed sa u n\u00e1s ubytuj\u00fa v r\u00e1mci n\u00e1\u0161ho bal\u00edka, dostan\u00fa v r\u00e1mci na\u0161ich slu\u017eieb pozvanie na autentick\u00fa kr\u00e1\u013eovsk\u00fa hostinu. Ur\u010dite si ich nenechajte ujs\u0165&#8230;<\/p>\n<h3 style=\"text-align: center;\">Viete u\u017e, kedy pr\u00eddete? Na\u0161li ste ide\u00e1lny \u010das?<br \/>\nRezervujte teraz!<\/h3>\n<blockquote class=\"wp-embedded-content\" data-secret=\"kY4FThL4an\"><p><a href=\"https:\/\/www.hotelvisegrad.hu\/sk\/jarne-osviezenie\/\">Jarn\u00e9 osvie\u017eenie<\/a><\/p><\/blockquote>\n<p><iframe loading=\"lazy\" class=\"wp-embedded-content\" sandbox=\"allow-scripts\" security=\"restricted\" style=\"position: absolute; clip: rect(1px, 1px, 1px, 1px);\" title=\"&#8220;Jarn\u00e9 osvie\u017eenie&#8221; &#8212; Hotel Visegr\u00e1d****\" src=\"https:\/\/www.hotelvisegrad.hu\/sk\/jarne-osviezenie\/embed\/#?secret=O2kpjbMguT#?secret=kY4FThL4an\" data-secret=\"kY4FThL4an\" width=\"600\" height=\"338\" frameborder=\"0\" marginwidth=\"0\" marginheight=\"0\" scrolling=\"no\"><\/iframe><\/p>\n","protected":false},"excerpt":{"rendered":"<p>Jarn\u00fd wellness, kr\u00e1\u013eovsk\u00e1 hostina, rytiersky turnaj a nespo\u010detn\u00e9 mno\u017estvo zauj\u00edmav\u00fdch aktiv\u00edt vo Vy\u0161ehrade. <\/p>\n","protected":false},"author":3,"featured_media":19752,"comment_status":"closed","ping_status":"closed","sticky":false,"template":"","format":"standard","meta":{"_et_pb_use_builder":"","_et_pb_old_content":"","_et_gb_content_width":"","footnotes":""},"categories":[1038],"tags":[1107,1102,1090,1072,1106,1193],"class_list":["post-20242","post","type-post","status-publish","format-standard","has-post-thumbnail","hentry","category-blog-sk","tag-jarne-osviezenie","tag-jarny-wellness","tag-kralovska-hostina","tag-rytiersky-turnaj","tag-vysehradsky-kralovsky-palac","tag-wellness-visegradon-sk"],"_links":{"self":[{"href":"https:\/\/www.hotelvisegrad.hu\/sk\/wp-json\/wp\/v2\/posts\/20242","targetHints":{"allow":["GET"]}}],"collection":[{"href":"https:\/\/www.hotelvisegrad.hu\/sk\/wp-json\/wp\/v2\/posts"}],"about":[{"href":"https:\/\/www.hotelvisegrad.hu\/sk\/wp-json\/wp\/v2\/types\/post"}],"author":[{"embeddable":true,"href":"https:\/\/www.hotelvisegrad.hu\/sk\/wp-json\/wp\/v2\/users\/3"}],"replies":[{"embeddable":true,"href":"https:\/\/www.hotelvisegrad.hu\/sk\/wp-json\/wp\/v2\/comments?post=20242"}],"version-history":[{"count":0,"href":"https:\/\/www.hotelvisegrad.hu\/sk\/wp-json\/wp\/v2\/posts\/20242\/revisions"}],"wp:featuredmedia":[{"embeddable":true,"href":"https:\/\/www.hotelvisegrad.hu\/sk\/wp-json\/wp\/v2\/media\/19752"}],"wp:attachment":[{"href":"https:\/\/www.hotelvisegrad.hu\/sk\/wp-json\/wp\/v2\/media?parent=20242"}],"wp:term":[{"taxonomy":"category","embeddable":true,"href":"https:\/\/www.hotelvisegrad.hu\/sk\/wp-json\/wp\/v2\/categories?post=20242"},{"taxonomy":"post_tag","embeddable":true,"href":"https:\/\/www.hotelvisegrad.hu\/sk\/wp-json\/wp\/v2\/tags?post=20242"}],"curies":[{"name":"wp","href":"https:\/\/api.w.org\/{rel}","templated":true}]}}