{"id":20231,"date":"2022-02-22T20:51:19","date_gmt":"2022-02-22T20:51:19","guid":{"rendered":"https:\/\/www.hotelvisegrad.hu\/jar-je-tu-uz-o-niekolko-tyzdnov\/"},"modified":"2022-02-22T20:51:19","modified_gmt":"2022-02-22T20:51:19","slug":"jar-je-tu-uz-o-niekolko-tyzdnov","status":"publish","type":"post","link":"https:\/\/www.hotelvisegrad.hu\/sk\/jar-je-tu-uz-o-niekolko-tyzdnov\/","title":{"rendered":"Jar je tu u\u017e o nieko\u013eko t\u00fd\u017ed\u0148ov!"},"content":{"rendered":"<p><strong>Odpor\u00fa\u010dame najnov\u0161\u00ed jarn\u00fd wellness bal\u00ed\u010dek Hotela Visegr\u00e1d JARN\u00c9 OSVIE\u017dENIE!<\/strong><\/p>\n<p>Sta\u010d\u00ed vydr\u017ea\u0165 p\u00e1r t\u00fd\u017ed\u0148ov t\u00fato \u0161ed\u00fa pochm\u00farnu n\u00e1ladu a potom pr\u00edroda op\u00e4\u0165 o\u017eije, ako sa patr\u00ed! Na marec v\u00e1m u\u017e teraz pon\u00fakame ve\u013emi \u0161peci\u00e1lny wellness bal\u00ed\u010dek, aktu\u00e1lne za cenu len <strong>33.000 Ft \/ 2 osoby \/ noc<\/strong>. Ak m\u00e1te teraz p\u00e1r min\u00fat, pozrite si podrobnosti na\u0161ej ponuky a REZERVUJTE TERAZ, k\u00fdm je bal\u00edk e\u0161te z\u013eavnen\u00fd a k\u00fdm va\u0161e ob\u013e\u00faben\u00e9 izby nie s\u00fa obsaden\u00e9 v pre v\u00e1s najide\u00e1lnej\u0161om \u010dase!<\/p>\n<h3 style=\"text-align: center;\">Te\u0161\u00edme sa na v\u00e1s na jar vo Vy\u0161ehrade!<br \/>\nBu\u010fte op\u00e4\u0165 hos\u0165om Hotela Visegr\u00e1d a za\u017eite to v\u0161etko, \u010do len d\u00e1 tis\u00edcfarebn\u00fd ohyb Dunaja!<\/h3>\n<blockquote class=\"wp-embedded-content\" data-secret=\"NN1k5wvFI4\"><p><a href=\"https:\/\/www.hotelvisegrad.hu\/sk\/jarne-osviezenie\/\">Jarn\u00e9 osvie\u017eenie<\/a><\/p><\/blockquote>\n<p><iframe loading=\"lazy\" class=\"wp-embedded-content\" sandbox=\"allow-scripts\" security=\"restricted\" style=\"position: absolute; clip: rect(1px, 1px, 1px, 1px);\" title=\"&#8220;Jarn\u00e9 osvie\u017eenie&#8221; &#8212; Hotel Visegr\u00e1d****\" src=\"https:\/\/www.hotelvisegrad.hu\/sk\/jarne-osviezenie\/embed\/#?secret=NN1k5wvFI4\" data-secret=\"NN1k5wvFI4\" width=\"600\" height=\"338\" frameborder=\"0\" marginwidth=\"0\" marginheight=\"0\" scrolling=\"no\"><\/iframe><\/p>\n","protected":false},"excerpt":{"rendered":"<p>Rezervujte si svoj prv\u00fd jarn\u00fd wellness pobyt v\u010das! Hotel Visegr\u00e1d. Tam, kde v\u00e1s v\u00edtame doma.<\/p>\n","protected":false},"author":3,"featured_media":20105,"comment_status":"closed","ping_status":"closed","sticky":false,"template":"","format":"standard","meta":{"_et_pb_use_builder":"","_et_pb_old_content":"","_et_gb_content_width":"","footnotes":""},"categories":[1038],"tags":[1102,1046,1103,1192,1104],"class_list":["post-20231","post","type-post","status-publish","format-standard","has-post-thumbnail","hentry","category-blog-sk","tag-jarny-wellness","tag-pobyt-vo-vysehrade","tag-ponuky-hotela-visegrad","tag-visegradi-wellness-sk","tag-wellness-balik"],"_links":{"self":[{"href":"https:\/\/www.hotelvisegrad.hu\/sk\/wp-json\/wp\/v2\/posts\/20231","targetHints":{"allow":["GET"]}}],"collection":[{"href":"https:\/\/www.hotelvisegrad.hu\/sk\/wp-json\/wp\/v2\/posts"}],"about":[{"href":"https:\/\/www.hotelvisegrad.hu\/sk\/wp-json\/wp\/v2\/types\/post"}],"author":[{"embeddable":true,"href":"https:\/\/www.hotelvisegrad.hu\/sk\/wp-json\/wp\/v2\/users\/3"}],"replies":[{"embeddable":true,"href":"https:\/\/www.hotelvisegrad.hu\/sk\/wp-json\/wp\/v2\/comments?post=20231"}],"version-history":[{"count":0,"href":"https:\/\/www.hotelvisegrad.hu\/sk\/wp-json\/wp\/v2\/posts\/20231\/revisions"}],"wp:featuredmedia":[{"embeddable":true,"href":"https:\/\/www.hotelvisegrad.hu\/sk\/wp-json\/wp\/v2\/media\/20105"}],"wp:attachment":[{"href":"https:\/\/www.hotelvisegrad.hu\/sk\/wp-json\/wp\/v2\/media?parent=20231"}],"wp:term":[{"taxonomy":"category","embeddable":true,"href":"https:\/\/www.hotelvisegrad.hu\/sk\/wp-json\/wp\/v2\/categories?post=20231"},{"taxonomy":"post_tag","embeddable":true,"href":"https:\/\/www.hotelvisegrad.hu\/sk\/wp-json\/wp\/v2\/tags?post=20231"}],"curies":[{"name":"wp","href":"https:\/\/api.w.org\/{rel}","templated":true}]}}