{"id":20226,"date":"2022-02-22T20:32:12","date_gmt":"2022-02-22T20:32:12","guid":{"rendered":"https:\/\/www.hotelvisegrad.hu\/top-5-atrakcii-vo-vysehrade\/"},"modified":"2022-02-22T20:36:44","modified_gmt":"2022-02-22T20:36:44","slug":"top-5-atrakcii-vo-vysehrade","status":"publish","type":"post","link":"https:\/\/www.hotelvisegrad.hu\/sk\/top-5-atrakcii-vo-vysehrade\/","title":{"rendered":"TOP 5 atrakci\u00ed vo Vy\u0161ehrade"},"content":{"rendered":"<p>[et_pb_section fb_built=&#8220;1&#8243; _builder_version=&#8220;3.22&#8243;][et_pb_row _builder_version=&#8220;3.25&#8243; background_size=&#8220;initial&#8220; background_position=&#8220;top_left&#8220; background_repeat=&#8220;repeat&#8220;][et_pb_column type=&#8220;4_4&#8243; _builder_version=&#8220;3.25&#8243; custom_padding=&#8220;|||&#8220; custom_padding__hover=&#8220;|||&#8220;][et_pb_text _builder_version=&#8220;4.9.0&#8243; background_size=&#8220;initial&#8220; background_position=&#8220;top_left&#8220; background_repeat=&#8220;repeat&#8220; hover_enabled=&#8220;0&#8243; sticky_enabled=&#8220;0&#8243;]Na\u0161e mesto je pln\u00e9 ve\u013ekolep\u00fdch atrakci\u00ed, \u010di u\u017e s\u013eubuj\u00fa kr\u00e1snu panor\u00e1mu, alebo s\u00fa p\u00f4sobiv\u00e9 samy o sebe. Preto nie je \u013eahk\u00e9 zostavi\u0165 zoznam TOP 5 atrakci\u00ed. Ale pok\u00fasime sa o to.<\/p>\n<h3>5.\u00a0 Kr\u00e1\u013eovsk\u00fd pal\u00e1c<\/h3>\n<p>Kr\u00e1\u013eovsk\u00fd pal\u00e1c s Herkulovou font\u00e1nou od Giovanniho Dalmata je jednou z najp\u00f4sobivej\u0161\u00edch Vy\u0161ehradsk\u00fdch pamiatok. Pal\u00e1c, ktor\u00fd zah\u0155\u0148a 5 tematick\u00fdch expoz\u00edci\u00ed, je s\u00fa\u010das\u0165ou M\u00fazea kr\u00e1\u013ea Mateja I. v N\u00e1rodnom m\u00fazeu a putovanie po jeho m\u00faroch je nielen vzru\u0161uj\u00facim cestovan\u00edm v \u010dase, ale aj mimoriadnym historick\u00fdm z\u00e1\u017eitkom.<\/p>\n<p><img loading=\"lazy\" decoding=\"async\" class=\"alignnone wp-image-7174 size-full\" src=\"https:\/\/hotelvisegrad.hu\/wp-content\/uploads\/2017\/10\/visegrad_palacecourt_k.jpg\" alt=\"\" width=\"2000\" height=\"1358\" \/><\/p>\n<h3>4. Rozh\u013ead\u0148a Zsitvay<\/h3>\n<p>N\u00e1dhern\u00e1 rozh\u013ead\u0148a na vrchole Visegr\u00e1du bola postaven\u00e1 v roku 1933 a odvtedy sa te\u0161\u00ed ve\u013ekej ob\u013eube turistov. Za jasn\u00e9ho po\u010dasia odtia\u013eto dovidie\u0165 a\u017e do kotliny Zs\u00e1mb\u00e9k. Neprehliadnute\u013en\u00e1 panor\u00e1ma!<\/p>\n<p><img loading=\"lazy\" decoding=\"async\" class=\"alignnone wp-image-7229 size-full\" src=\"https:\/\/hotelvisegrad.hu\/wp-content\/uploads\/2017\/11\/zsitvay-kil\u00e1t\u00f3.jpg\" alt=\"\" width=\"1024\" height=\"770\" \/><\/p>\n<h3>3. Kopec Sibrik<\/h3>\n<p>Nieko\u013eko min\u00fat ch\u00f4dze od \u0160alam\u00fanovej ve\u017ee sa nach\u00e1dza vrch Sibrik, ktor\u00fd nesie stopy b\u00fdvalej provincie Pan\u00f3nia z \u010dias R\u00edmskej r\u00ed\u0161e. Jeho z\u00e1klady boli postaven\u00e9 pred viac ako 1700 rokmi. Z vrcholu sa v\u00e1m naskytne neskuto\u010dn\u00fd v\u00fdh\u013ead, ke\u010f\u017ee v pozad\u00ed sa rozprestiera roz\u013eahl\u00fd Dunaj, ktor\u00fd obklopuje B\u00f6rzs\u00f6ny a Pili\u0161sk\u00e9 vrchy.<\/p>\n<p><img loading=\"lazy\" decoding=\"async\" class=\"alignnone wp-image-9136 size-full\" src=\"https:\/\/hotelvisegrad.hu\/wp-content\/uploads\/2020\/06\/sibrik-domb-visegrad.jpg\" alt=\"\" width=\"750\" height=\"370\" \/><\/p>\n<h3>2.\u00a0 Salamon ve\u017ea<\/h3>\n<p>Doln\u00fd hrad Vy\u0161ehradsk\u00e9ho dvojhradov\u00e9ho syst\u00e9mu je jednou z najreprezentat\u00edvnej\u0161\u00edch stavieb v ma\u010farskej hist\u00f3rii.<br \/>\nSo svojimi miestami a\u017e 8 metrov hrub\u00fdmi m\u00farmi je bo\u017esk\u00fdm chladiv\u00fdm \u00fakrytom aj vo ve\u013ek\u00fdch letn\u00fdch hor\u00fa\u010dav\u00e1ch, tak\u017ee okrem historick\u00e9ho v\u00fdznamu stavby a jej okolia odpor\u00fa\u010dame n\u00e1v\u0161tevu aj z tak\u00fdchto prozaick\u00fdch d\u00f4vodov. :) V\u00fdstava, ktor\u00fa si mo\u017eno pozrie\u0165 v jej sten\u00e1ch, predstavuje hist\u00f3riu Vy\u0161ehradu od praveku a\u017e po 20. storo\u010die.<\/p>\n<p><img loading=\"lazy\" decoding=\"async\" class=\"alignnone wp-image-7940 size-full\" src=\"https:\/\/hotelvisegrad.hu\/wp-content\/uploads\/2018\/04\/salamon-fokep.jpg\" alt=\"\" width=\"1024\" height=\"683\" \/><\/p>\n<h3>1.\u00a0 Vy\u0161ehradsk\u00fd horn\u00fd hrad<\/h3>\n<p>\u010co in\u00e9 by mohlo by\u0165 na vrchole n\u00e1\u0161ho zoznamu ako Vy\u0161ehradsk\u00fd hrad, triumf\u00e1lna citadela, ktor\u00e1 korunuje vrchol hradn\u00e9ho vrchu&#8230;<br \/>\nSkuto\u010dn\u00e9 historick\u00e9 p\u00fatnick\u00e9 miesto, odkia\u013e sa ka\u017edoro\u010dne urobia mili\u00f3ny fotografi\u00ed ohybu Dunaja &#8211; ka\u017ed\u00fd, kto tam u\u017e zav\u00edtal, je takmer ist\u00e9, \u017ee pri op\u00e4tovnej n\u00e1v\u0161teve sa najprv vyberie na terasu kv\u00f4li panor\u00e1me.<br \/>\nNa n\u00e1v\u0161tevn\u00edkov \u010dak\u00e1 celkovo 6 expoz\u00edci\u00ed vr\u00e1tane stredovek\u00e9ho panoptika a v\u00fdstavy o hist\u00f3rii zbran\u00ed.<\/p>\n<p><img loading=\"lazy\" decoding=\"async\" class=\"alignnone wp-image-8004 size-full\" src=\"https:\/\/hotelvisegrad.hu\/wp-content\/uploads\/2018\/07\/visegrad-fellegvar.jpg\" alt=\"\" width=\"800\" height=\"533\" \/><br \/>\n[\/et_pb_text][\/et_pb_column][\/et_pb_row][\/et_pb_section]<\/p>\n","protected":false},"excerpt":{"rendered":"<p>Na\u0161e mesto je pln\u00e9 ve\u013ekolep\u00fdch atrakci\u00ed, \u010di u\u017e s\u013eubuj\u00fa kr\u00e1snu panor\u00e1mu, alebo s\u00fa p\u00f4sobiv\u00e9 samy o sebe. Preto nie je \u013eahk\u00e9 zostavi\u0165 zoznam TOP 5 atrakci\u00ed.<\/p>\n","protected":false},"author":3,"featured_media":19330,"comment_status":"closed","ping_status":"closed","sticky":false,"template":"","format":"standard","meta":{"_et_pb_use_builder":"on","_et_pb_old_content":"","_et_gb_content_width":"","footnotes":""},"categories":[1038],"tags":[1101,1098,1100,1044,1200,1099],"class_list":["post-20226","post","type-post","status-publish","format-standard","has-post-thumbnail","hentry","category-blog-sk","tag-kopec-sibrik","tag-kralovsky-palac","tag-rozhladna-zsitvay","tag-salamon-veza","tag-visegrad-sk","tag-vysehradsky-horny-hrad"],"_links":{"self":[{"href":"https:\/\/www.hotelvisegrad.hu\/sk\/wp-json\/wp\/v2\/posts\/20226","targetHints":{"allow":["GET"]}}],"collection":[{"href":"https:\/\/www.hotelvisegrad.hu\/sk\/wp-json\/wp\/v2\/posts"}],"about":[{"href":"https:\/\/www.hotelvisegrad.hu\/sk\/wp-json\/wp\/v2\/types\/post"}],"author":[{"embeddable":true,"href":"https:\/\/www.hotelvisegrad.hu\/sk\/wp-json\/wp\/v2\/users\/3"}],"replies":[{"embeddable":true,"href":"https:\/\/www.hotelvisegrad.hu\/sk\/wp-json\/wp\/v2\/comments?post=20226"}],"version-history":[{"count":2,"href":"https:\/\/www.hotelvisegrad.hu\/sk\/wp-json\/wp\/v2\/posts\/20226\/revisions"}],"predecessor-version":[{"id":20228,"href":"https:\/\/www.hotelvisegrad.hu\/sk\/wp-json\/wp\/v2\/posts\/20226\/revisions\/20228"}],"wp:featuredmedia":[{"embeddable":true,"href":"https:\/\/www.hotelvisegrad.hu\/sk\/wp-json\/wp\/v2\/media\/19330"}],"wp:attachment":[{"href":"https:\/\/www.hotelvisegrad.hu\/sk\/wp-json\/wp\/v2\/media?parent=20226"}],"wp:term":[{"taxonomy":"category","embeddable":true,"href":"https:\/\/www.hotelvisegrad.hu\/sk\/wp-json\/wp\/v2\/categories?post=20226"},{"taxonomy":"post_tag","embeddable":true,"href":"https:\/\/www.hotelvisegrad.hu\/sk\/wp-json\/wp\/v2\/tags?post=20226"}],"curies":[{"name":"wp","href":"https:\/\/api.w.org\/{rel}","templated":true}]}}