{"id":20157,"date":"2022-02-18T21:34:50","date_gmt":"2022-02-18T21:34:50","guid":{"rendered":"https:\/\/www.hotelvisegrad.hu\/stredoveke-kralovske-hostiny-a-vinne-vecere-pre-hosti-hotela-visegrad\/"},"modified":"2022-02-18T21:41:24","modified_gmt":"2022-02-18T21:41:24","slug":"stredoveke-kralovske-hostiny-a-vinne-vecere-pre-hosti-hotela-visegrad","status":"publish","type":"post","link":"https:\/\/www.hotelvisegrad.hu\/sk\/stredoveke-kralovske-hostiny-a-vinne-vecere-pre-hosti-hotela-visegrad\/","title":{"rendered":"Stredovek\u00e9 kr\u00e1\u013eovsk\u00e9 hostiny a v\u00ednne ve\u010dere pre host\u00ed Hotela Visegr\u00e1d"},"content":{"rendered":"<p>O dvorn\u00fdch hostin\u00e1ch a z\u00e1bav\u00e1ch stredovek\u00fdch kr\u00e1\u013eov sa traduj\u00fa legendy a nespo\u010detn\u00e9 rom\u00e1ny a filmy pripom\u00ednaj\u00fa tieto mimoriadne reprezentat\u00edvne udalosti so \u017eivou hudbou a nekone\u010dn\u00fdm mno\u017estvom jed\u00e1l.<br \/>\nV re\u0161taur\u00e1cii Renaissance vo Vy\u0161ehrade m\u00e1te mo\u017enos\u0165 za\u017ei\u0165 v autentickom prostred\u00ed, ako asi vyzerala tak\u00e1to hostina, organizovan\u00e1 v\u00fdlu\u010dne pre \u0161\u013eachticov a dvoranov z najbli\u017e\u0161ieho okolia kr\u00e1\u013ea, v \u010dasoch kr\u00e1\u013ea Mateja I.<\/p>\n<p><img loading=\"lazy\" decoding=\"async\" class=\"alignnone wp-image-19709 size-large\" src=\"https:\/\/www.hotelvisegrad.hu\/wp-content\/uploads\/\/IMG_1224-Nagy-1-1024x683.jpg\" alt=\"\" width=\"1024\" height=\"683\" srcset=\"https:\/\/www.hotelvisegrad.hu\/wp-content\/uploads\/IMG_1224-Nagy-1-1024x683.jpg 1024w, https:\/\/www.hotelvisegrad.hu\/wp-content\/uploads\/IMG_1224-Nagy-1-300x200.jpg 300w, https:\/\/www.hotelvisegrad.hu\/wp-content\/uploads\/IMG_1224-Nagy-1-768x512.jpg 768w, https:\/\/www.hotelvisegrad.hu\/wp-content\/uploads\/IMG_1224-Nagy-1-1536x1024.jpg 1536w, https:\/\/www.hotelvisegrad.hu\/wp-content\/uploads\/IMG_1224-Nagy-1-1080x720.jpg 1080w, https:\/\/www.hotelvisegrad.hu\/wp-content\/uploads\/IMG_1224-Nagy-1-1280x853.jpg 1280w, https:\/\/www.hotelvisegrad.hu\/wp-content\/uploads\/IMG_1224-Nagy-1-980x653.jpg 980w, https:\/\/www.hotelvisegrad.hu\/wp-content\/uploads\/IMG_1224-Nagy-1-480x320.jpg 480w, https:\/\/www.hotelvisegrad.hu\/wp-content\/uploads\/IMG_1224-Nagy-1.jpg 1620w\" sizes=\"(max-width: 1024px) 100vw, 1024px\" \/><\/p>\n<p>Kr\u00e1\u013eovsk\u00e1 hostina sa nezaob\u00edde bez hydiny, diviny, om\u00e1\u010dok, dusen\u00e9ho m\u00e4sa a samozrejme vynikaj\u00facich v\u00edn.<br \/>\nU\u017e desa\u0165ro\u010dia pracujeme na tom, aby nezabudnute\u013en\u00fd z\u00e1\u017eitok z na\u0161ich host\u00edn bol nespochybnite\u013en\u00fd a aby atmosf\u00e9ra, ktorej bezprostredne predch\u00e1dza mimoriadny interi\u00e9rov\u00fd dizajn re\u0161taur\u00e1cie, priniesla skuto\u010dn\u00e9 cestovanie v \u010dase.<br \/>\n\u00da\u010dastn\u00edkom hostiny radi poskytneme aj renesan\u010dn\u00e9 kost\u00fdmy, aby bol z\u00e1\u017eitok naozaj \u00fapln\u00fd.<\/p>\n<p><img loading=\"lazy\" decoding=\"async\" class=\"alignnone wp-image-12910 size-large\" src=\"https:\/\/www.hotelvisegrad.hu\/wp-content\/uploads\/kir_lak10-1024x683.jpg\" alt=\"\" width=\"1024\" height=\"683\" srcset=\"https:\/\/www.hotelvisegrad.hu\/wp-content\/uploads\/kir_lak10-1024x683.jpg 1024w, https:\/\/www.hotelvisegrad.hu\/wp-content\/uploads\/kir_lak10-300x200.jpg 300w, https:\/\/www.hotelvisegrad.hu\/wp-content\/uploads\/kir_lak10-768x512.jpg 768w, https:\/\/www.hotelvisegrad.hu\/wp-content\/uploads\/kir_lak10-1536x1024.jpg 1536w, https:\/\/www.hotelvisegrad.hu\/wp-content\/uploads\/kir_lak10-2048x1365.jpg 2048w, https:\/\/www.hotelvisegrad.hu\/wp-content\/uploads\/kir_lak10-1080x720.jpg 1080w, https:\/\/www.hotelvisegrad.hu\/wp-content\/uploads\/kir_lak10-1280x854.jpg 1280w, https:\/\/www.hotelvisegrad.hu\/wp-content\/uploads\/kir_lak10-980x653.jpg 980w, https:\/\/www.hotelvisegrad.hu\/wp-content\/uploads\/kir_lak10-480x320.jpg 480w\" sizes=\"(max-width: 1024px) 100vw, 1024px\" \/><\/p>\n<p>Okrem stredovek\u00fdch host\u00edn pre host\u00ed Hotela Visegr\u00e1d pon\u00fakame aj v\u00ednne ve\u010dere, na ktor\u00fdch m\u00f4\u017eete ochutna\u0165 najlep\u0161ie v\u00edna Ma\u010farska, doplnen\u00e9 \u0161peci\u00e1lnym degusta\u010dn\u00fdm menu na\u0161ej re\u0161taur\u00e1cie a samozrejme najlep\u0161\u00edmi jedlami, ktor\u00e9 sa hodia k najlep\u0161\u00edm v\u00ednam.<\/p>\n<h3 style=\"text-align: center;\"><a href=\"https:\/\/www.hotelvisegrad.hu\/sk\/gastrozazitok\/kralovske-hostiny-vinne-vecere\/\" target=\"_blank\" rel=\"noopener\"><span style=\"color: #993300;\">\u21d2 Viac inform\u00e1ci\u00ed o na\u0161ich kr\u00e1\u013eovsk\u00fdch hostin\u00e1ch a v\u00ednnych ve\u010deroch n\u00e1jdete tu. \u21d0<\/span><\/a><\/h3>\n<p>&nbsp;<\/p>\n","protected":false},"excerpt":{"rendered":"<p>Kr\u00e1\u013eovsk\u00e9 hostiny a v\u00ednne ve\u010dere. Sta\u0148te sa hos\u0165om Hotela Visegr\u00e1d a za\u017eite tento z\u00e1\u017eitok! <\/p>\n","protected":false},"author":3,"featured_media":19528,"comment_status":"closed","ping_status":"closed","sticky":false,"template":"","format":"standard","meta":{"_et_pb_use_builder":"off","_et_pb_old_content":"","_et_gb_content_width":"","footnotes":""},"categories":[1038],"tags":[1092,1090,1093,1045,1091,1095,1096,1094],"class_list":["post-20157","post","type-post","status-publish","format-standard","has-post-thumbnail","hentry","category-blog-sk","tag-kral-matej-i","tag-kralovska-hostina","tag-programy-hotela-visegrad","tag-restauracia-renaissance","tag-restauracia-vo-vysehrade","tag-stredoveka-restauracia","tag-stredoveke-jedla","tag-vinne-vecere"],"_links":{"self":[{"href":"https:\/\/www.hotelvisegrad.hu\/sk\/wp-json\/wp\/v2\/posts\/20157","targetHints":{"allow":["GET"]}}],"collection":[{"href":"https:\/\/www.hotelvisegrad.hu\/sk\/wp-json\/wp\/v2\/posts"}],"about":[{"href":"https:\/\/www.hotelvisegrad.hu\/sk\/wp-json\/wp\/v2\/types\/post"}],"author":[{"embeddable":true,"href":"https:\/\/www.hotelvisegrad.hu\/sk\/wp-json\/wp\/v2\/users\/3"}],"replies":[{"embeddable":true,"href":"https:\/\/www.hotelvisegrad.hu\/sk\/wp-json\/wp\/v2\/comments?post=20157"}],"version-history":[{"count":1,"href":"https:\/\/www.hotelvisegrad.hu\/sk\/wp-json\/wp\/v2\/posts\/20157\/revisions"}],"predecessor-version":[{"id":20162,"href":"https:\/\/www.hotelvisegrad.hu\/sk\/wp-json\/wp\/v2\/posts\/20157\/revisions\/20162"}],"wp:featuredmedia":[{"embeddable":true,"href":"https:\/\/www.hotelvisegrad.hu\/sk\/wp-json\/wp\/v2\/media\/19528"}],"wp:attachment":[{"href":"https:\/\/www.hotelvisegrad.hu\/sk\/wp-json\/wp\/v2\/media?parent=20157"}],"wp:term":[{"taxonomy":"category","embeddable":true,"href":"https:\/\/www.hotelvisegrad.hu\/sk\/wp-json\/wp\/v2\/categories?post=20157"},{"taxonomy":"post_tag","embeddable":true,"href":"https:\/\/www.hotelvisegrad.hu\/sk\/wp-json\/wp\/v2\/tags?post=20157"}],"curies":[{"name":"wp","href":"https:\/\/api.w.org\/{rel}","templated":true}]}}