{"id":20154,"date":"2022-02-17T22:41:27","date_gmt":"2022-02-17T22:41:27","guid":{"rendered":"https:\/\/www.hotelvisegrad.hu\/stante-sa-aj-vy-vernym-stalym-hostom-hotelu-visegrad\/"},"modified":"2022-02-17T22:43:53","modified_gmt":"2022-02-17T22:43:53","slug":"stante-sa-aj-vy-vernym-stalym-hostom-hotelu-visegrad","status":"publish","type":"post","link":"https:\/\/www.hotelvisegrad.hu\/sk\/stante-sa-aj-vy-vernym-stalym-hostom-hotelu-visegrad\/","title":{"rendered":"Sta\u0148te sa aj vy vern\u00fdm (st\u00e1lym) hos\u0165om Hotelu Visegr\u00e1d!"},"content":{"rendered":"<p><strong>Pre v\u0161etk\u00fdch, ktor\u00ed pravidelne tr\u00e1via oddych v ohybe Dunaja ako hostia n\u00e1\u0161ho hotela, sme v na\u0161om hotelovom vernostnom programe vytvorili 3 kateg\u00f3rie.<\/strong><\/p>\n<p>Je pre n\u00e1s ve\u013emi d\u00f4le\u017eit\u00e9, aby sme v\u00e1s mohli priv\u00edta\u0165 s najv\u00e4\u010d\u0161\u00edm uznan\u00edm a re\u0161pektom, ke\u010f ste sa sami rozhodli, \u017ee n\u00e1m prejav\u00edte d\u00f4veru.<\/p>\n<p>\u2665 Ka\u017ed\u00e9mu, kto sa u n\u00e1s za posledn\u00fdch 5 rokov ubytoval aspo\u0148 3\u00d7 na 2 noci, vieme pon\u00faknu\u0165 5% z\u013eavu na na\u0161e bal\u00edky a denn\u00e9 ponuky.<\/p>\n<p>\u2665 Ak sa v tom istom obdob\u00ed ubytujete aspo\u0148 5\u00d7 na 2 noci, z\u00edskate z\u013eavu 7 %. Plat\u00ed aj pre na\u0161e bal\u00edky a denn\u00e9 ponuky.<\/p>\n<p>\u2665 Ak ste u n\u00e1s za posledn\u00fdch 5 rokov str\u00e1vili u\u017e 10\u00d7 2 noci, prip\u00ed\u0161eme v\u00e1m 10% z\u013eavu z ka\u017ed\u00e9ho z na\u0161ich bal\u00edkov a dennej ponuky.<\/p>\n<p><a href=\"https:\/\/www.hotelvisegrad.hu\/sk\/vernostny-program\/\" target=\"_blank\" rel=\"noopener\">Kliknut\u00edm sem<\/a> sa dozviete viac o vernostnom programe, m\u00f4\u017eete sa informova\u0165 aj online prostredn\u00edctvom n\u00e1\u0161ho online formul\u00e1ra.<\/p>\n<h2 style=\"text-align: center;\">Hotel Visegr\u00e1d. Tam, kde v\u00e1s v\u00edtame doma&#8230;<\/h2>\n","protected":false},"excerpt":{"rendered":"<p>Preto\u017ee Hotel Visegr\u00e1d je viac ako len hotel&#8230; Bu\u010fte s\u00fa\u010das\u0165ou na\u0161ej rodiny!<\/p>\n","protected":false},"author":3,"featured_media":19148,"comment_status":"closed","ping_status":"closed","sticky":false,"template":"","format":"standard","meta":{"_et_pb_use_builder":"","_et_pb_old_content":"","_et_gb_content_width":"","footnotes":""},"categories":[1038],"tags":[],"class_list":["post-20154","post","type-post","status-publish","format-standard","has-post-thumbnail","hentry","category-blog-sk"],"_links":{"self":[{"href":"https:\/\/www.hotelvisegrad.hu\/sk\/wp-json\/wp\/v2\/posts\/20154","targetHints":{"allow":["GET"]}}],"collection":[{"href":"https:\/\/www.hotelvisegrad.hu\/sk\/wp-json\/wp\/v2\/posts"}],"about":[{"href":"https:\/\/www.hotelvisegrad.hu\/sk\/wp-json\/wp\/v2\/types\/post"}],"author":[{"embeddable":true,"href":"https:\/\/www.hotelvisegrad.hu\/sk\/wp-json\/wp\/v2\/users\/3"}],"replies":[{"embeddable":true,"href":"https:\/\/www.hotelvisegrad.hu\/sk\/wp-json\/wp\/v2\/comments?post=20154"}],"version-history":[{"count":1,"href":"https:\/\/www.hotelvisegrad.hu\/sk\/wp-json\/wp\/v2\/posts\/20154\/revisions"}],"predecessor-version":[{"id":20155,"href":"https:\/\/www.hotelvisegrad.hu\/sk\/wp-json\/wp\/v2\/posts\/20154\/revisions\/20155"}],"wp:featuredmedia":[{"embeddable":true,"href":"https:\/\/www.hotelvisegrad.hu\/sk\/wp-json\/wp\/v2\/media\/19148"}],"wp:attachment":[{"href":"https:\/\/www.hotelvisegrad.hu\/sk\/wp-json\/wp\/v2\/media?parent=20154"}],"wp:term":[{"taxonomy":"category","embeddable":true,"href":"https:\/\/www.hotelvisegrad.hu\/sk\/wp-json\/wp\/v2\/categories?post=20154"},{"taxonomy":"post_tag","embeddable":true,"href":"https:\/\/www.hotelvisegrad.hu\/sk\/wp-json\/wp\/v2\/tags?post=20154"}],"curies":[{"name":"wp","href":"https:\/\/api.w.org\/{rel}","templated":true}]}}