{"id":20139,"date":"2022-02-09T15:49:01","date_gmt":"2022-02-09T15:49:01","guid":{"rendered":"https:\/\/www.hotelvisegrad.hu\/konecne-vysehrad\/"},"modified":"2022-02-09T22:49:24","modified_gmt":"2022-02-09T22:49:24","slug":"konecne-vysehrad","status":"publish","type":"post","link":"https:\/\/www.hotelvisegrad.hu\/sk\/konecne-vysehrad\/","title":{"rendered":"Kone\u010dne Vy\u0161ehrad!"},"content":{"rendered":"<p><strong>Asi v\u00e1m neprezrad\u00edme ve\u013ek\u00e9 tajomstvo ke\u010f sa v\u00e1m prizn\u00e1me, \u017ee sa na v\u00e1s te\u0161\u00edme rovnako, ako vy na zasl\u00fa\u017een\u00fd oddych&#8230;<\/strong><\/p>\n<hr \/>\n<h3 style=\"text-align: center;\"><a href=\"https:\/\/www.hotelvisegrad.hu\/sk\/jarne-osviezenie\/\" target=\"_blank\" rel=\"noopener\"><span style=\"color: #800000;\"><span style=\"color: #ff6600;\"><span style=\"color: #993300;\"><strong>Jarn\u00e1 wellness akciov\u00e1 ponuka Hotelu Visegr\u00e1d<\/strong><\/span><\/span><\/span><\/a><\/h3>\n<hr \/>\n<p><span style=\"font-weight: 400;\">&#8230;vyst\u00fapi\u0165 z be\u017eeck\u00e9ho p\u00e1su ka\u017edodenn\u00e9ho \u017eivota, od\u00eds\u0165 z domova, hoci darmo \u017ee ide o vlastn\u00fd priestor, za posledn\u00e9 roky sme ho videli a\u017e pr\u00edli\u0161 ve\u013ea&#8230;A presne vieme, ako ve\u013ea znamen\u00e1 ma\u0165 pr\u00edle\u017eitos\u0165 vypn\u00fa\u0165 hlavu a na\u010derpa\u0165 nov\u00e9 sily! U n\u00e1s n\u00e1jdete v\u0161etko, \u010do potrebujete ku kvalitn\u00e9mu dobitiu energie. A e\u0161te jedna drobnos\u0165, ktor\u00e1 v t\u00fdchto d\u0148och d\u00e1va nov\u00fd zmysel: nie je tak\u00fd chaos, \u010do by ste mali vy uprata\u0165 alebo vyrie\u0161i\u0165. :)<\/span><\/p>\n<p><span style=\"font-weight: 400;\">Pr\u00edroda, ktor\u00e1 je dnes v plnom rozkvete, v\u00e1s \u010dak\u00e1 so vt\u00e1\u010d\u00edm spevom, ale pri da\u017edivom po\u010das\u00ed m\u00e1te tie\u017e ve\u013ea mo\u017enost\u00ed: wellness v\u00e1m pon\u00faka pr\u00edjemn\u00fd program pre v\u0161etky vekov\u00e9 kateg\u00f3rie za ak\u00fdchko\u013evek podmienok.<\/span><\/p>\n","protected":false},"excerpt":{"rendered":"<p>Rezervujte si u\u017e teraz izbu v jednom z najob\u013e\u00fabenej\u0161\u00edch rodinn\u00fdch hotelov vo Vy\u0161ehrade po\u010das \u017eiarivej jari.<\/p>\n","protected":false},"author":3,"featured_media":19738,"comment_status":"closed","ping_status":"closed","sticky":false,"template":"","format":"standard","meta":{"_et_pb_use_builder":"","_et_pb_old_content":"","_et_gb_content_width":"","footnotes":""},"categories":[1038],"tags":[1197,1065,1067,1066,1200,1193],"class_list":["post-20139","post","type-post","status-publish","format-standard","has-post-thumbnail","hentry","category-blog-sk","tag-dunakanyar-sk","tag-jarna-wellness-akcia","tag-majova-wellness-akcia","tag-rezervacia-izby","tag-visegrad-sk","tag-wellness-visegradon-sk"],"_links":{"self":[{"href":"https:\/\/www.hotelvisegrad.hu\/sk\/wp-json\/wp\/v2\/posts\/20139","targetHints":{"allow":["GET"]}}],"collection":[{"href":"https:\/\/www.hotelvisegrad.hu\/sk\/wp-json\/wp\/v2\/posts"}],"about":[{"href":"https:\/\/www.hotelvisegrad.hu\/sk\/wp-json\/wp\/v2\/types\/post"}],"author":[{"embeddable":true,"href":"https:\/\/www.hotelvisegrad.hu\/sk\/wp-json\/wp\/v2\/users\/3"}],"replies":[{"embeddable":true,"href":"https:\/\/www.hotelvisegrad.hu\/sk\/wp-json\/wp\/v2\/comments?post=20139"}],"version-history":[{"count":1,"href":"https:\/\/www.hotelvisegrad.hu\/sk\/wp-json\/wp\/v2\/posts\/20139\/revisions"}],"predecessor-version":[{"id":20140,"href":"https:\/\/www.hotelvisegrad.hu\/sk\/wp-json\/wp\/v2\/posts\/20139\/revisions\/20140"}],"wp:featuredmedia":[{"embeddable":true,"href":"https:\/\/www.hotelvisegrad.hu\/sk\/wp-json\/wp\/v2\/media\/19738"}],"wp:attachment":[{"href":"https:\/\/www.hotelvisegrad.hu\/sk\/wp-json\/wp\/v2\/media?parent=20139"}],"wp:term":[{"taxonomy":"category","embeddable":true,"href":"https:\/\/www.hotelvisegrad.hu\/sk\/wp-json\/wp\/v2\/categories?post=20139"},{"taxonomy":"post_tag","embeddable":true,"href":"https:\/\/www.hotelvisegrad.hu\/sk\/wp-json\/wp\/v2\/tags?post=20139"}],"curies":[{"name":"wp","href":"https:\/\/api.w.org\/{rel}","templated":true}]}}