{"id":251941,"date":"2025-03-05T13:44:13","date_gmt":"2025-03-05T13:44:13","guid":{"rendered":"https:\/\/www.hotelvisegrad.hu\/?p=251941"},"modified":"2025-03-12T14:31:20","modified_gmt":"2025-03-12T14:31:20","slug":"retro-disco-weekend","status":"publish","type":"post","link":"https:\/\/www.hotelvisegrad.hu\/en\/retro-disco-weekend\/","title":{"rendered":"Retro Disco Weekend"},"content":{"rendered":"<p>[et_pb_section fb_built=&#8221;1&#8243; admin_label=&#8221;FEJLEC&#8221; _builder_version=&#8221;4.16&#8243; _dynamic_attributes=&#8221;background_image&#8221; _module_preset=&#8221;default&#8221; background_enable_color=&#8221;off&#8221; background_image=&#8221;@ET-DC@eyJkeW5hbWljIjp0cnVlLCJjb250ZW50IjoicG9zdF9mZWF0dXJlZF9pbWFnZSIsInNldHRpbmdzIjp7fX0=@&#8221; min_height=&#8221;400px&#8221; global_colors_info=&#8221;{}&#8221;][et_pb_row _builder_version=&#8221;4.16&#8243; _module_preset=&#8221;2c3722c0-227e-45c8-9254-97978a188986&#8243; global_colors_info=&#8221;{}&#8221;][et_pb_column type=&#8221;4_4&#8243; _builder_version=&#8221;4.16&#8243; _module_preset=&#8221;default&#8221; global_colors_info=&#8221;{}&#8221;][\/et_pb_column][\/et_pb_row][\/et_pb_section][et_pb_section fb_built=&#8221;1&#8243; _builder_version=&#8221;4.16&#8243; _module_preset=&#8221;default&#8221; background_color=&#8221;#d1d2d5&#8243; custom_margin=&#8221;0px||||false|false&#8221; custom_padding=&#8221;0px||||false|false&#8221; global_colors_info=&#8221;{}&#8221;][et_pb_row _builder_version=&#8221;4.16&#8243; _module_preset=&#8221;default&#8221; background_color=&#8221;rgba(0,0,0,0)&#8221; custom_margin=&#8221;||0px||false|false&#8221; custom_padding=&#8221;||0px||false|false&#8221; global_colors_info=&#8221;{}&#8221;][et_pb_column type=&#8221;4_4&#8243; _builder_version=&#8221;4.16&#8243; _module_preset=&#8221;default&#8221; background_enable_color=&#8221;off&#8221; global_colors_info=&#8221;{}&#8221;][et_pb_text _builder_version=&#8221;4.16&#8243; _dynamic_attributes=&#8221;content&#8221; _module_preset=&#8221;default&#8221; header_font=&#8221;||||||||&#8221; header_text_align=&#8221;center&#8221; global_colors_info=&#8221;{}&#8221;]@ET-DC@eyJkeW5hbWljIjp0cnVlLCJjb250ZW50IjoicG9zdF90aXRsZSIsInNldHRpbmdzIjp7ImJlZm9yZSI6IjxwPjxcL3A+IiwiYWZ0ZXIiOiI8cD48XC9wPiJ9fQ==@[\/et_pb_text][\/et_pb_column][\/et_pb_row][et_pb_row column_structure=&#8221;1_4,3_4&#8243; _builder_version=&#8221;4.16&#8243; _module_preset=&#8221;default&#8221; global_colors_info=&#8221;{}&#8221;][et_pb_column type=&#8221;1_4&#8243; _builder_version=&#8221;4.16&#8243; _module_preset=&#8221;default&#8221; global_colors_info=&#8221;{}&#8221;][et_pb_text admin_label=&#8221;Text&#8221; _builder_version=&#8221;4.16&#8243; _dynamic_attributes=&#8221;content&#8221; _module_preset=&#8221;default&#8221; text_font=&#8221;|700|||||||&#8221; text_text_color=&#8221;#1c8b98&#8243; text_font_size=&#8221;36px&#8221; text_line_height=&#8221;1.1em&#8221; header_text_color=&#8221;#ffffff&#8221; text_orientation=&#8221;center&#8221; custom_margin=&#8221;24px|-53px|||false|false&#8221; custom_padding=&#8221;||0px|||&#8221; custom_css_main_element=&#8221;word-wrap: break-word;||&#8221; global_colors_info=&#8221;{}&#8221;]@ET-DC@eyJkeW5hbWljIjp0cnVlLCJjb250ZW50IjoicG9zdF9leGNlcnB0Iiwic2V0dGluZ3MiOnsiYmVmb3JlIjoiIiwiYWZ0ZXIiOiIiLCJ3b3JkcyI6IiIsInJlYWRfbW9yZV9sYWJlbCI6IiJ9fQ==@[\/et_pb_text][\/et_pb_column][et_pb_column type=&#8221;3_4&#8243; _builder_version=&#8221;4.16&#8243; _module_preset=&#8221;default&#8221; global_colors_info=&#8221;{}&#8221;][et_pb_text _builder_version=&#8221;4.27.4&#8243; _module_preset=&#8221;default&#8221; background_color=&#8221;rgba(255,255,255,0.89)&#8221; custom_padding=&#8221;30px|30px|30px|30px|false|false&#8221; global_colors_info=&#8221;{}&#8221;]<\/p>\n<p>From <strong>39,500 HUF<\/strong> \/ person \/ night<br \/><strong>(Prices may vary depending on the dates, occupancy and room type.) The indicated basic price applies to a standard attic room, on weekdays, at normal occupancy.)<\/strong><\/p>\n<p><strong>Validity dates<\/strong>: 11-13 April<\/p>\n<p>[\/et_pb_text][\/et_pb_column][\/et_pb_row][\/et_pb_section][et_pb_section fb_built=&#8221;1&#8243; prev_background_color=&#8221;#d1d2d5&#8243; _builder_version=&#8221;4.16&#8243; _module_preset=&#8221;default&#8221; background_color=&#8221;#E14B3B&#8221; custom_margin=&#8221;||||false|false&#8221; custom_padding=&#8221;||||false|false&#8221; top_divider_style=&#8221;slant2&#8243; top_divider_style_tablet=&#8221;&#8221; top_divider_style_phone=&#8221;&#8221; top_divider_style_last_edited=&#8221;on|desktop&#8221; global_colors_info=&#8221;{}&#8221;][et_pb_row _builder_version=&#8221;4.16&#8243; _module_preset=&#8221;default&#8221; custom_padding=&#8221;50px||||false|false&#8221; global_colors_info=&#8221;{}&#8221;][et_pb_column type=&#8221;4_4&#8243; _builder_version=&#8221;4.16&#8243; _module_preset=&#8221;default&#8221; global_colors_info=&#8221;{}&#8221;][et_pb_text _builder_version=&#8221;4.16&#8243; _module_preset=&#8221;default&#8221; text_text_color=&#8221;#ffffff&#8221; header_text_color=&#8221;#ffffff&#8221; custom_margin=&#8221;||0px||false|false&#8221; custom_padding=&#8221;||0px||false|false&#8221; global_colors_info=&#8221;{}&#8221;]<\/p>\n<h1 class=\"widget-title\" style=\"text-align: center;\">The package includes:<\/h1>\n<p>[\/et_pb_text][et_pb_divider color=&#8221;#ffffff&#8221; divider_weight=&#8221;2px&#8221; _builder_version=&#8221;4.16&#8243; _module_preset=&#8221;default&#8221; module_alignment=&#8221;center&#8221; custom_margin=&#8221;||0px||false|false&#8221; custom_padding=&#8221;||0px||false|false&#8221; animation_style=&#8221;slide&#8221; animation_direction=&#8221;right&#8221; global_colors_info=&#8221;{}&#8221;][\/et_pb_divider][et_pb_text module_class=&#8221;custom_bullets_wpcc custom_bullets_wpcc&#8211;check&#8221; _builder_version=&#8221;4.27.4&#8243; _module_preset=&#8221;default&#8221; text_text_color=&#8221;#ffffff&#8221; link_font=&#8221;|700|||||||&#8221; link_text_color=&#8221;#ffffff&#8221; header_text_color=&#8221;#ffffff&#8221; header_3_text_color=&#8221;#ffffff&#8221; background_enable_color=&#8221;off&#8221; background_layout=&#8221;dark&#8221; custom_margin=&#8221;0px||0px||false|false&#8221; custom_padding=&#8221;0px||0px||false|false&#8221; global_colors_info=&#8221;{}&#8221;]<\/p>\n<ul>\n<li><strong>Accommodation<\/strong> in fully equipped rooms (TV, phone, mini-bar, in-room safe, balcony, WIFI)<\/li>\n<li><strong>Half board<\/strong>:<\/li>\n<li>Plentiful buffet breakfast<\/li>\n<li><strong>All inclusive dinner<\/strong> in the hotel\u2019s restaurant with a <strong>DJ Disco Party<\/strong><\/li>\n<li>1 <strong>royal feast in the Renaissance Restaurant<\/strong>, with aperitif, unlimited white and red wine, unlimited alcohol-free beverages<\/li>\n<li><strong>Unlimited use of the spa amenities<\/strong>, towels and bathrobes provided (Finnish sauna, bio sauna, infra sauna, steam, jacuzzi, heated indoor pool, kids\u2019 pool, outdoor pool and sun terrace in summer)<\/li>\n<li><strong>Knights\u2019 Tournament in the Solomon Tower<\/strong> or <strong>guided tour in the Royal Palace<\/strong><br \/>(in case there is no Knights\u2019 Tournament during your stay, we offer you a guided tour in the Royal Palace)<strong>Free of charge leisure activities:<\/strong><br \/>Billiards, table tennis, playroom<br \/>Additional, fee-based services:<br \/>Massage, bowling, solarium, laser tag battle (from 10 people), darts, table football<\/li>\n<\/ul>\n<p>[\/et_pb_text][\/et_pb_column][\/et_pb_row][et_pb_row column_structure=&#8221;2_5,3_5&#8243; _builder_version=&#8221;4.16&#8243; _module_preset=&#8221;default&#8221; custom_padding=&#8221;||||false|false&#8221; global_colors_info=&#8221;{}&#8221;][et_pb_column type=&#8221;2_5&#8243; _builder_version=&#8221;4.16&#8243; _module_preset=&#8221;default&#8221; custom_padding=&#8221;||||false|false&#8221; global_colors_info=&#8221;{}&#8221;][et_pb_blurb title=&#8221;Accommodation&#8221; image=&#8221;https:\/\/www.hotelvisegrad.hu\/wp-content\/uploads\/2387_No128-B_HD_compressed-1.jpg&#8221; _builder_version=&#8221;4.23.1&#8243; _module_preset=&#8221;3d678457-c31c-4276-bf4c-3df7c9eca755&#8243; custom_padding=&#8221;||||false|false&#8221; global_colors_info=&#8221;{}&#8221;]<\/p>\n<p>In fully equipped rooms with balconies, overlooking the Danube or the Visegr\u00e1d Citadel<\/p>\n<p>[\/et_pb_blurb][et_pb_blurb title=&#8221;Knights\u2019 Tournament in the Solomon Tower&#8221; image=&#8221;https:\/\/hotelvisegrad.hu\/wp-content\/uploads\/MG_2558-Nagy.jpg&#8221; _builder_version=&#8221;4.16&#8243; _module_preset=&#8221;3d678457-c31c-4276-bf4c-3df7c9eca755&#8243; custom_padding=&#8221;||||false|false&#8221; global_colors_info=&#8221;{}&#8221;]<\/p>\n<p>Performance of the Saint George Knightly Order, with drinks served<\/p>\n<p>[\/et_pb_blurb][et_pb_blurb title=&#8221;Plentiful buffet breakfast&#8221; image=&#8221;https:\/\/hotelvisegrad.hu\/wp-content\/uploads\/IMG_1408-Nagy.jpg&#8221; _builder_version=&#8221;4.16&#8243; _module_preset=&#8221;3d678457-c31c-4276-bf4c-3df7c9eca755&#8243; global_colors_info=&#8221;{}&#8221;][\/et_pb_blurb][et_pb_blurb title=&#8221;Recreational amenities&#8221; image=&#8221;https:\/\/hotelvisegrad.hu\/wp-content\/uploads\/PIX_1887-Nagy-1.jpg&#8221; _builder_version=&#8221;4.16&#8243; _module_preset=&#8221;3d678457-c31c-4276-bf4c-3df7c9eca755&#8243; global_colors_info=&#8221;{}&#8221;][\/et_pb_blurb][\/et_pb_column][et_pb_column type=&#8221;3_5&#8243; _builder_version=&#8221;4.16&#8243; _module_preset=&#8221;default&#8221; global_colors_info=&#8221;{}&#8221;][et_pb_blurb title=&#8221;Unlimited use of the spa amenities&#8221; image=&#8221;https:\/\/www.hotelvisegrad.hu\/wp-content\/uploads\/IMG_20230325_090850-1-scaled.jpg&#8221; _builder_version=&#8221;4.23.1&#8243; _module_preset=&#8221;3d678457-c31c-4276-bf4c-3df7c9eca755&#8243; global_colors_info=&#8221;{}&#8221;]<\/p>\n<p>Finnish sauna, infra sauna, steam, jacuzzi with a panorama, heated indoor pool, outdoor pool<\/p>\n<p>[\/et_pb_blurb][et_pb_blurb title=&#8221;Royal Feast once in Renaissance Restaurant&#8221; image=&#8221;https:\/\/hotelvisegrad.hu\/wp-content\/uploads\/IMG_1224-Nagy.jpg&#8221; _builder_version=&#8221;4.16&#8243; _module_preset=&#8221;3d678457-c31c-4276-bf4c-3df7c9eca755&#8243; global_colors_info=&#8221;{}&#8221;]<\/p>\n<p>With aperitif, unlimited red and white wine, unlimited alcohol-free beverages<\/p>\n<p>[\/et_pb_blurb][et_pb_blurb title=&#8221;Dinner in the restaurant of Hotel Visegrad&#8221; image=&#8221;https:\/\/hotelvisegrad.hu\/wp-content\/uploads\/IMG_4875-Nagy.jpg&#8221; _builder_version=&#8221;4.16&#8243; _module_preset=&#8221;3d678457-c31c-4276-bf4c-3df7c9eca755&#8243; global_colors_info=&#8221;{}&#8221;]<\/p>\n<p>Buffet or \u00e0 la carte, depending on the number of guests<\/p>\n<p>[\/et_pb_blurb][\/et_pb_column][\/et_pb_row][\/et_pb_section][et_pb_section fb_built=&#8221;1&#8243; prev_background_color=&#8221;#E14B3B&#8221; _builder_version=&#8221;4.16&#8243; _module_preset=&#8221;default&#8221; background_image=&#8221;https:\/\/hotelvisegrad.hu\/wp-content\/uploads\/hatter1.png&#8221; top_divider_style=&#8221;slant2&#8243; global_colors_info=&#8221;{}&#8221;][et_pb_row _builder_version=&#8221;4.16&#8243; _module_preset=&#8221;default&#8221; custom_padding=&#8221;50px||||false|false&#8221; global_colors_info=&#8221;{}&#8221;][et_pb_column type=&#8221;4_4&#8243; _builder_version=&#8221;4.16&#8243; _module_preset=&#8221;default&#8221; global_colors_info=&#8221;{}&#8221;][et_pb_text _builder_version=&#8221;4.16&#8243; _module_preset=&#8221;default&#8221; header_text_color=&#8221;#1c8b98&#8243; custom_margin=&#8221;||0px||false|false&#8221; custom_padding=&#8221;||0px||false|false&#8221; global_colors_info=&#8221;{}&#8221;]<\/p>\n<h1 class=\"widget-title\" style=\"text-align: center;\">Book online with the below benefits<\/h1>\n<p>[\/et_pb_text][et_pb_divider color=&#8221;#1c8b98&#8243; divider_weight=&#8221;2px&#8221; _builder_version=&#8221;4.16&#8243; _module_preset=&#8221;default&#8221; width=&#8221;20%&#8221; module_alignment=&#8221;center&#8221; animation_style=&#8221;slide&#8221; animation_direction=&#8221;left&#8221; global_colors_info=&#8221;{}&#8221;][\/et_pb_divider][\/et_pb_column][\/et_pb_row][et_pb_row column_structure=&#8221;1_2,1_2&#8243; _builder_version=&#8221;4.16&#8243; _module_preset=&#8221;default&#8221; global_colors_info=&#8221;{}&#8221;][et_pb_column type=&#8221;1_2&#8243; _builder_version=&#8221;4.16&#8243; _module_preset=&#8221;default&#8221; global_colors_info=&#8221;{}&#8221;][et_pb_blurb title=&#8221;Best Price Guarantee&#8221; use_icon=&#8221;on&#8221; font_icon=&#8221;&#xe0f3;||divi||400&#8243; icon_color=&#8221;#1c8b98&#8243; _builder_version=&#8221;4.16&#8243; _module_preset=&#8221;default&#8221; text_orientation=&#8221;center&#8221; global_colors_info=&#8221;{}&#8221;][\/et_pb_blurb][\/et_pb_column][et_pb_column type=&#8221;1_2&#8243; _builder_version=&#8221;4.16&#8243; _module_preset=&#8221;default&#8221; global_colors_info=&#8221;{}&#8221;][et_pb_blurb title=&#8221;Colourful Events&#8221; use_icon=&#8221;on&#8221; font_icon=&#8221;&#xe075;||divi||400&#8243; icon_color=&#8221;#1c8b98&#8243; _builder_version=&#8221;4.16&#8243; _module_preset=&#8221;default&#8221; text_orientation=&#8221;center&#8221; global_colors_info=&#8221;{}&#8221;][\/et_pb_blurb][\/et_pb_column][\/et_pb_row][et_pb_row column_structure=&#8221;1_2,1_2&#8243; make_equal=&#8221;on&#8221; _builder_version=&#8221;4.16&#8243; _module_preset=&#8221;default&#8221; global_colors_info=&#8221;{}&#8221;][et_pb_column type=&#8221;1_2&#8243; _builder_version=&#8221;4.16&#8243; _module_preset=&#8221;default&#8221; global_colors_info=&#8221;{}&#8221;][et_pb_cta title=&#8221;Reservation&#8221; button_url=&#8221;https:\/\/www.hotelvisegrad.hu\/en\/booking\/&#8221; button_text=&#8221;Price calculation and reservation&#8221; _builder_version=&#8221;4.16&#8243; _module_preset=&#8221;default&#8221; background_color=&#8221;#1c8b98&#8243; global_colors_info=&#8221;{}&#8221;]<\/p>\n<p>Use our price calculator and book online, get your confirmation immediately, it only takes 2 minutes!<\/p>\n<p>[\/et_pb_cta][\/et_pb_column][et_pb_column type=&#8221;1_2&#8243; _builder_version=&#8221;4.16&#8243; _module_preset=&#8221;default&#8221; global_colors_info=&#8221;{}&#8221;][et_pb_cta title=&#8221;Request an offer&#8221; button_url=&#8221;https:\/\/www.hotelvisegrad.hu\/en\/request-a-quote\/&#8221; button_text=&#8221;Request an offer&#8221; _builder_version=&#8221;4.16&#8243; _module_preset=&#8221;default&#8221; background_color=&#8221;#1c8b98&#8243; link_option_url=&#8221;https:\/\/www.hotelvisegrad.hu\/en\/request-a-quote\/&#8221; global_colors_info=&#8221;{}&#8221;]<\/p>\n<p>Request our offer simply within a few seconds. You will receive our individual offer within 24 hours.<\/p>\n<p>[\/et_pb_cta][\/et_pb_column][\/et_pb_row][\/et_pb_section]<\/p>\n","protected":false},"excerpt":{"rendered":"<p>Retro rhythms, an unforgettable night!<\/p>\n","protected":false},"author":12,"featured_media":251925,"comment_status":"open","ping_status":"closed","sticky":false,"template":"","format":"standard","meta":{"_et_pb_use_builder":"on","_et_pb_old_content":"<p>[et_pb_section fb_built=\"1\" admin_label=\"FEJLEC\" _builder_version=\"4.16\" _dynamic_attributes=\"background_image\" _module_preset=\"default\" background_enable_color=\"off\" background_image=\"@ET-DC@eyJkeW5hbWljIjp0cnVlLCJjb250ZW50IjoicG9zdF9mZWF0dXJlZF9pbWFnZSIsInNldHRpbmdzIjp7fX0=@\" min_height=\"400px\" global_colors_info=\"{}\"][et_pb_row _builder_version=\"4.16\" _module_preset=\"2c3722c0-227e-45c8-9254-97978a188986\" global_colors_info=\"{}\"][et_pb_column type=\"4_4\" _builder_version=\"4.16\" _module_preset=\"default\" global_colors_info=\"{}\"][\/et_pb_column][\/et_pb_row][\/et_pb_section][et_pb_section fb_built=\"1\" _builder_version=\"4.16\" _module_preset=\"default\" background_color=\"#d1d2d5\" custom_margin=\"0px||||false|false\" custom_padding=\"0px||||false|false\" global_colors_info=\"{}\"][et_pb_row _builder_version=\"4.16\" _module_preset=\"default\" background_color=\"rgba(0,0,0,0)\" custom_margin=\"||0px||false|false\" custom_padding=\"||0px||false|false\" global_colors_info=\"{}\"][et_pb_column type=\"4_4\" _builder_version=\"4.16\" _module_preset=\"default\" background_enable_color=\"off\" global_colors_info=\"{}\"][et_pb_text _builder_version=\"4.16\" _dynamic_attributes=\"content\" _module_preset=\"default\" header_font=\"||||||||\" header_text_align=\"center\" global_colors_info=\"{}\"]@ET-DC@eyJkeW5hbWljIjp0cnVlLCJjb250ZW50IjoicG9zdF90aXRsZSIsInNldHRpbmdzIjp7ImJlZm9yZSI6IjxoMT4iLCJhZnRlciI6IjwvaDE+In19@[\/et_pb_text][\/et_pb_column][\/et_pb_row][et_pb_row column_structure=\"1_4,3_4\" _builder_version=\"4.16\" _module_preset=\"default\" global_colors_info=\"{}\"][et_pb_column type=\"1_4\" _builder_version=\"4.16\" _module_preset=\"default\" global_colors_info=\"{}\"][et_pb_text admin_label=\"Text\" _builder_version=\"4.16\" _dynamic_attributes=\"content\" _module_preset=\"default\" text_font=\"|700|||||||\" text_text_color=\"#1c8b98\" text_font_size=\"36px\" text_line_height=\"1.1em\" header_text_color=\"#ffffff\" text_orientation=\"center\" custom_margin=\"24px|-53px|||false|false\" custom_padding=\"||0px|||\" custom_css_main_element=\"word-wrap: break-word;||\" global_colors_info=\"{}\"]@ET-DC@eyJkeW5hbWljIjp0cnVlLCJjb250ZW50IjoicG9zdF9leGNlcnB0Iiwic2V0dGluZ3MiOnsiYmVmb3JlIjoiIiwiYWZ0ZXIiOiIiLCJ3b3JkcyI6IiIsInJlYWRfbW9yZV9sYWJlbCI6IiJ9fQ==@[\/et_pb_text][\/et_pb_column][et_pb_column type=\"3_4\" _builder_version=\"4.16\" _module_preset=\"default\" global_colors_info=\"{}\"][et_pb_text _builder_version=\"4.27.4\" _module_preset=\"default\" background_color=\"rgba(255,255,255,0.89)\" custom_padding=\"30px|30px|30px|30px|false|false\" global_colors_info=\"{}\"]<\/p><p><strong>28.000 Ft<\/strong>\/ f\u0151 \/ \u00e9j-t\u0151l<br \/><b class=\"thim-color-title\">(Az \u00e1rak id\u0151szakt\u00f3l, foglalts\u00e1gt\u00f3l \u00e9s szobat\u00edpust\u00f3l f\u00fcgg\u0151en v\u00e1ltoznak! A megadott alap\u00e1r standard tet\u0151t\u00e9ri szob\u00e1ban, h\u00e9tk\u00f6znapokon, norm\u00e1l foglalts\u00e1g mellett \u00e9rtend\u0151!)<\/b><br \/><strong>\u00c9rv\u00e9nyes:<\/strong> 2025. febru\u00e1r 17. - 28.<\/p><p>[\/et_pb_text][\/et_pb_column][\/et_pb_row][\/et_pb_section][et_pb_section fb_built=\"1\" prev_background_color=\"#d1d2d5\" _builder_version=\"4.16\" _module_preset=\"default\" background_color=\"#E14B3B\" custom_margin=\"||||false|false\" custom_padding=\"||||false|false\" top_divider_style=\"slant2\" top_divider_style_tablet=\"\" top_divider_style_phone=\"\" top_divider_style_last_edited=\"on|desktop\" global_colors_info=\"{}\"][et_pb_row _builder_version=\"4.16\" _module_preset=\"default\" custom_padding=\"50px||||false|false\" global_colors_info=\"{}\"][et_pb_column type=\"4_4\" _builder_version=\"4.16\" _module_preset=\"default\" global_colors_info=\"{}\"][et_pb_text _builder_version=\"4.16\" _module_preset=\"default\" text_text_color=\"#ffffff\" header_text_color=\"#ffffff\" custom_margin=\"||0px||false|false\" custom_padding=\"||0px||false|false\" global_colors_info=\"{}\"]<\/p><h1 class=\"widget-title\" style=\"text-align: center;\">Csomag tartalma<\/h1><p>[\/et_pb_text][et_pb_divider color=\"#ffffff\" divider_weight=\"2px\" _builder_version=\"4.16\" _module_preset=\"default\" module_alignment=\"center\" custom_margin=\"||0px||false|false\" custom_padding=\"||0px||false|false\" animation_style=\"slide\" animation_direction=\"right\" global_colors_info=\"{}\"][\/et_pb_divider][et_pb_text module_class=\"custom_bullets_wpcc custom_bullets_wpcc--check\" _builder_version=\"4.27.4\" _module_preset=\"default\" text_text_color=\"#ffffff\" link_font=\"|700|||||||\" link_text_color=\"#ffffff\" header_text_color=\"#ffffff\" header_3_text_color=\"#ffffff\" background_enable_color=\"off\" background_layout=\"dark\" custom_margin=\"0px||0px||false|false\" custom_padding=\"0px||0px||false|false\" global_colors_info=\"{}\"]<\/p><ul><li><b>Sz\u00e1ll\u00e1s<\/b> kompletten felszerelt szob\u00e1ban (TV, telefon, minib\u00e1r, szobasz\u00e9f, erk\u00e9ly, wifi)<\/li><li><b style=\"font-size: 15px;\">F\u00e9lpanzi\u00f3s ell\u00e1t\u00e1s<\/b><span style=\"font-size: 15px;\"> az al\u00e1bbiak szerint:<\/span><\/li><li>Gazdag b\u00fcf\u00e9asztalos reggeli<\/li><li>Vacsora a sz\u00e1lloda \u00e9tterm\u00e9ben (l\u00e9tsz\u00e1mt\u00f3l f\u00fcgg\u0151en b\u00fcf\u00e9asztalos vagy a'la carte rendszerrel)<\/li><li>1 alkalommal <b>kir\u00e1lyi lakoma vacsora a Renesz\u00e1nsz \u00c9tteremben<\/b> aperitiffel, korl\u00e1tlan v\u00f6r\u00f6s \u00e9s feh\u00e9rbor, valamint alkoholmentes italfogyaszt\u00e1ssal<\/li><li><b>Korl\u00e1tlan wellness haszn\u00e1lat <\/b>melyhez f\u00fcrd\u0151k\u00f6penyt biztos\u00edtunk (finn-, bio- \u00e9s infraszauna, g\u0151zkabin, \u00e9lm\u00e9ny pezsg\u0151f\u00fcrd\u0151, f\u0171t\u00f6tt viz\u0171 belt\u00e9ri medence, gyermek pancsol\u00f3,ny\u00e1ri id\u0151szakban k\u00fclt\u00e9ri medence, napoz\u00f3 park)<\/li><li><b>Lovagi torna program a Salamon-toronyban<\/b> vagy <b>Kir\u00e1lyi Palotal\u00e1togat\u00e1s<\/b><br \/>(amennyiben a sz\u00e1llod\u00e1ban tart\u00f3zkod\u00e1sa alatt a lovagi torna nem ker\u00fcl megrendez\u00e9sre, \u00fagy a Kir\u00e1lyi Palotal\u00e1togat\u00e1sra h\u00edvjuk meg)<br \/><br \/><b>Ingyenes szabadid\u0151s szolg\u00e1ltat\u00e1saink:<\/b><br \/>Billi\u00e1rd, asztali tenisz. j\u00e1tsz\u00f3szoba<br \/>Tov\u00e1bbi szolg\u00e1ltat\u00e1saink t\u00e9r\u00edt\u00e9s ellen\u00e9ben:<br \/>Massz\u00e1zs, bowling, szol\u00e1rium, minimum 10 f\u0151 eset\u00e9n l\u00e9zerharc, darts, csocs\u00f3<\/li><\/ul><p>[\/et_pb_text][\/et_pb_column][\/et_pb_row][et_pb_row column_structure=\"2_5,3_5\" _builder_version=\"4.16\" _module_preset=\"default\" custom_padding=\"||||false|false\" global_colors_info=\"{}\"][et_pb_column type=\"2_5\" _builder_version=\"4.16\" _module_preset=\"default\" custom_padding=\"||||false|false\" global_colors_info=\"{}\"][et_pb_blurb title=\"Sz\u00e1ll\u00e1s\" image=\"https:\/\/www.hotelvisegrad.hu\/wp-content\/uploads\/2387_No128-B_HD_compressed-1.jpg\" _builder_version=\"4.23.1\" _module_preset=\"3d678457-c31c-4276-bf4c-3df7c9eca755\" custom_padding=\"||||false|false\" global_colors_info=\"{}\"]<\/p><p>Dun\u00e1ra vagy Fellegv\u00e1rra n\u00e9z\u0151, kompletten felszerelt erk\u00e9lyes szob\u00e1ban<\/p><p>[\/et_pb_blurb][et_pb_blurb title=\" Lovagi torna a Salamon-toronyban\" image=\"https:\/\/hotelvisegrad.hu\/wp-content\/uploads\/MG_2558-Nagy.jpg\" _builder_version=\"4.16\" _module_preset=\"3d678457-c31c-4276-bf4c-3df7c9eca755\" custom_padding=\"||||false|false\" global_colors_info=\"{}\"]<\/p><p>A Szent Gy\u00f6rgy Lovagrend el\u0151ad\u00e1s\u00e1ban, italk\u00edn\u00e1l\u00e1ssal<\/p><p>[\/et_pb_blurb][et_pb_blurb title=\"B\u0151s\u00e9ges b\u00fcf\u00e9asztalos reggeli\" image=\"https:\/\/hotelvisegrad.hu\/wp-content\/uploads\/IMG_1408-Nagy.jpg\" _builder_version=\"4.16\" _module_preset=\"3d678457-c31c-4276-bf4c-3df7c9eca755\" global_colors_info=\"{}\"][\/et_pb_blurb][et_pb_blurb title=\"Kikapcsol\u00f3d\u00e1si lehet\u0151s\u00e9gek\" image=\"https:\/\/hotelvisegrad.hu\/wp-content\/uploads\/PIX_1887-Nagy-1.jpg\" _builder_version=\"4.16\" _module_preset=\"3d678457-c31c-4276-bf4c-3df7c9eca755\" global_colors_info=\"{}\"][\/et_pb_blurb][\/et_pb_column][et_pb_column type=\"3_5\" _builder_version=\"4.16\" _module_preset=\"default\" global_colors_info=\"{}\"][et_pb_blurb title=\"Korl\u00e1tlan wellness haszn\u00e1lat\" image=\"https:\/\/www.hotelvisegrad.hu\/wp-content\/uploads\/IMG_20230325_090850-1-scaled.jpg\" _builder_version=\"4.23.1\" _module_preset=\"3d678457-c31c-4276-bf4c-3df7c9eca755\" global_colors_info=\"{}\"]<\/p><p>Finn-, \u00e9s infraszauna, g\u0151zkabin, panor\u00e1m\u00e1s \u00e9lm\u00e9ny pezsg\u0151f\u00fcrd\u0151, f\u0171t\u00f6tt viz\u0171 belt\u00e9ri medence, k\u00fclt\u00e9ri medence<\/p><p>[\/et_pb_blurb][et_pb_blurb title=\"Egy alkalommal kir\u00e1lyi lakoma a Renaissance \u00c9tteremben\" image=\"https:\/\/hotelvisegrad.hu\/wp-content\/uploads\/IMG_1224-Nagy.jpg\" _builder_version=\"4.16\" _module_preset=\"3d678457-c31c-4276-bf4c-3df7c9eca755\" global_colors_info=\"{}\"]Aperitiffel, korl\u00e1tlan v\u00f6r\u00f6s \u00e9s feh\u00e9rbor, valamint alkoholmentes italfogyaszt\u00e1ssal<br \/>[\/et_pb_blurb][et_pb_blurb title=\" Vacsora a Hotel Visegr\u00e1d \u00e9tterm\u00e9ben\" image=\"https:\/\/hotelvisegrad.hu\/wp-content\/uploads\/IMG_4875-Nagy.jpg\" _builder_version=\"4.16\" _module_preset=\"3d678457-c31c-4276-bf4c-3df7c9eca755\" global_colors_info=\"{}\"]L\u00e9tsz\u00e1mt\u00f3l f\u00fcgg\u0151en b\u00fcf\u00e9asztalos vagy a'la carte rendszerrel<br \/>[\/et_pb_blurb][\/et_pb_column][\/et_pb_row][\/et_pb_section][et_pb_section fb_built=\"1\" prev_background_color=\"#E14B3B\" _builder_version=\"4.16\" _module_preset=\"default\" background_image=\"https:\/\/hotelvisegrad.hu\/wp-content\/uploads\/hatter1.png\" top_divider_style=\"slant2\" global_colors_info=\"{}\"][et_pb_row _builder_version=\"4.16\" _module_preset=\"default\" custom_padding=\"50px||||false|false\" global_colors_info=\"{}\"][et_pb_column type=\"4_4\" _builder_version=\"4.16\" _module_preset=\"default\" global_colors_info=\"{}\"][et_pb_text _builder_version=\"4.16\" _module_preset=\"default\" header_text_color=\"#1c8b98\" custom_margin=\"||0px||false|false\" custom_padding=\"||0px||false|false\" global_colors_info=\"{}\"]<\/p><h1 class=\"widget-title\" style=\"text-align: center;\">Foglaljon online az al\u00e1bbi el\u0151ny\u00f6kkel<\/h1><p>[\/et_pb_text][et_pb_divider color=\"#1c8b98\" divider_weight=\"2px\" _builder_version=\"4.16\" _module_preset=\"default\" width=\"20%\" module_alignment=\"center\" animation_style=\"slide\" animation_direction=\"left\" global_colors_info=\"{}\"][\/et_pb_divider][\/et_pb_column][\/et_pb_row][et_pb_row column_structure=\"1_2,1_2\" _builder_version=\"4.16\" _module_preset=\"default\" global_colors_info=\"{}\"][et_pb_column type=\"1_2\" _builder_version=\"4.16\" _module_preset=\"default\" global_colors_info=\"{}\"][et_pb_blurb title=\"Garant\u00e1ltan legjobb \u00e1r!\" use_icon=\"on\" font_icon=\"\ue0f3||divi||400\" icon_color=\"#1c8b98\" _builder_version=\"4.16\" _module_preset=\"default\" text_orientation=\"center\" global_colors_info=\"{}\"][\/et_pb_blurb][\/et_pb_column][et_pb_column type=\"1_2\" _builder_version=\"4.16\" _module_preset=\"default\" global_colors_info=\"{}\"][et_pb_blurb title=\"Sz\u00ednes programok\" use_icon=\"on\" font_icon=\"\ue075||divi||400\" icon_color=\"#1c8b98\" _builder_version=\"4.16\" _module_preset=\"default\" text_orientation=\"center\" global_colors_info=\"{}\"][\/et_pb_blurb][\/et_pb_column][\/et_pb_row][et_pb_row column_structure=\"1_2,1_2\" make_equal=\"on\" _builder_version=\"4.16\" _module_preset=\"default\" global_colors_info=\"{}\"][et_pb_column type=\"1_2\" _builder_version=\"4.16\" _module_preset=\"default\" global_colors_info=\"{}\"][et_pb_cta title=\"Foglal\u00e1s\" button_url=\"\/foglalas\/\" button_text=\"\u00c1rkalkul\u00e1ci\u00f3 \u00e9s foglal\u00e1s\" _builder_version=\"4.16\" _module_preset=\"default\" background_color=\"#1c8b98\" global_colors_info=\"{}\"]Kalkul\u00e1lja ki \u00e9s foglalja le pihen\u00e9s\u00e9t online, azonnali visszaigazol\u00e1ssal, k\u00f6nnyed\u00e9n, p\u00e1r l\u00e9p\u00e9sben, csak 2 perc alatt!<br \/>[\/et_pb_cta][\/et_pb_column][et_pb_column type=\"1_2\" _builder_version=\"4.16\" _module_preset=\"default\" global_colors_info=\"{}\"][et_pb_cta title=\"Aj\u00e1nlatk\u00e9r\u00e9s\" button_url=\"\/ajanlatkeres\/\" button_text=\"Aj\u00e1nlatk\u00e9r\u00e9s\" _builder_version=\"4.16\" _module_preset=\"default\" background_color=\"#1c8b98\" link_option_url=\"\/ajanlatkeres\/\" global_colors_info=\"{}\"]K\u00e9rje aj\u00e1nlatunkat egyszer\u0171en p\u00e1r pillanat alatt! Legk\u00e9s\u0151bb 24 \u00f3r\u00e1n bel\u00fcl elk\u00fcldj\u00fck \u00d6nnek szem\u00e9lyre szabott \u00e1raj\u00e1nlatunkat!<br \/>[\/et_pb_cta][\/et_pb_column][\/et_pb_row][\/et_pb_section]<\/p>","_et_gb_content_width":"","footnotes":""},"categories":[849],"tags":[],"class_list":["post-251941","post","type-post","status-publish","format-standard","has-post-thumbnail","hentry","category-offers"],"_links":{"self":[{"href":"https:\/\/www.hotelvisegrad.hu\/en\/wp-json\/wp\/v2\/posts\/251941","targetHints":{"allow":["GET"]}}],"collection":[{"href":"https:\/\/www.hotelvisegrad.hu\/en\/wp-json\/wp\/v2\/posts"}],"about":[{"href":"https:\/\/www.hotelvisegrad.hu\/en\/wp-json\/wp\/v2\/types\/post"}],"author":[{"embeddable":true,"href":"https:\/\/www.hotelvisegrad.hu\/en\/wp-json\/wp\/v2\/users\/12"}],"replies":[{"embeddable":true,"href":"https:\/\/www.hotelvisegrad.hu\/en\/wp-json\/wp\/v2\/comments?post=251941"}],"version-history":[{"count":19,"href":"https:\/\/www.hotelvisegrad.hu\/en\/wp-json\/wp\/v2\/posts\/251941\/revisions"}],"predecessor-version":[{"id":251998,"href":"https:\/\/www.hotelvisegrad.hu\/en\/wp-json\/wp\/v2\/posts\/251941\/revisions\/251998"}],"wp:featuredmedia":[{"embeddable":true,"href":"https:\/\/www.hotelvisegrad.hu\/en\/wp-json\/wp\/v2\/media\/251925"}],"wp:attachment":[{"href":"https:\/\/www.hotelvisegrad.hu\/en\/wp-json\/wp\/v2\/media?parent=251941"}],"wp:term":[{"taxonomy":"category","embeddable":true,"href":"https:\/\/www.hotelvisegrad.hu\/en\/wp-json\/wp\/v2\/categories?post=251941"},{"taxonomy":"post_tag","embeddable":true,"href":"https:\/\/www.hotelvisegrad.hu\/en\/wp-json\/wp\/v2\/tags?post=251941"}],"curies":[{"name":"wp","href":"https:\/\/api.w.org\/{rel}","templated":true}]}}