{"id":17294,"date":"2021-04-13T16:46:59","date_gmt":"2021-04-13T16:46:59","guid":{"rendered":"https:\/\/www.hotelvisegrad.hu\/visegrad-with-palinka\/"},"modified":"2023-07-13T11:27:08","modified_gmt":"2023-07-13T11:27:08","slug":"visegrad-with-palinka","status":"publish","type":"post","link":"https:\/\/www.hotelvisegrad.hu\/en\/visegrad-with-palinka\/","title":{"rendered":"Visegrad with palinka &#8211; Hungarian pleasures in Visegrad"},"content":{"rendered":"<p>[et_pb_section fb_built=&#8221;1&#8243; admin_label=&#8221;FEJLEC&#8221; _builder_version=&#8221;4.16&#8243; _dynamic_attributes=&#8221;background_image&#8221; _module_preset=&#8221;default&#8221; background_enable_color=&#8221;off&#8221; background_image=&#8221;@ET-DC@eyJkeW5hbWljIjp0cnVlLCJjb250ZW50IjoicG9zdF9mZWF0dXJlZF9pbWFnZSIsInNldHRpbmdzIjp7fX0=@&#8221; min_height=&#8221;400px&#8221; global_colors_info=&#8221;{}&#8221; theme_builder_area=&#8221;post_content&#8221;][et_pb_row _builder_version=&#8221;4.16&#8243; _module_preset=&#8221;2c3722c0-227e-45c8-9254-97978a188986&#8243; global_colors_info=&#8221;{}&#8221; theme_builder_area=&#8221;post_content&#8221;][et_pb_column type=&#8221;4_4&#8243; _builder_version=&#8221;4.16&#8243; _module_preset=&#8221;default&#8221; global_colors_info=&#8221;{}&#8221; theme_builder_area=&#8221;post_content&#8221;][\/et_pb_column][\/et_pb_row][\/et_pb_section][et_pb_section fb_built=&#8221;1&#8243; _builder_version=&#8221;4.16&#8243; _module_preset=&#8221;default&#8221; background_color=&#8221;#d1d2d5&#8243; custom_margin=&#8221;0px||||false|false&#8221; custom_padding=&#8221;0px||||false|false&#8221; global_colors_info=&#8221;{}&#8221; theme_builder_area=&#8221;post_content&#8221;][et_pb_row _builder_version=&#8221;4.16&#8243; _module_preset=&#8221;default&#8221; background_color=&#8221;rgba(0,0,0,0)&#8221; custom_margin=&#8221;||0px||false|false&#8221; custom_padding=&#8221;||0px||false|false&#8221; global_colors_info=&#8221;{}&#8221; theme_builder_area=&#8221;post_content&#8221;][et_pb_column type=&#8221;4_4&#8243; _builder_version=&#8221;4.16&#8243; _module_preset=&#8221;default&#8221; background_enable_color=&#8221;off&#8221; global_colors_info=&#8221;{}&#8221; theme_builder_area=&#8221;post_content&#8221;][et_pb_text _builder_version=&#8221;4.16&#8243; _dynamic_attributes=&#8221;content&#8221; _module_preset=&#8221;default&#8221; header_font=&#8221;||||||||&#8221; header_text_align=&#8221;center&#8221; global_colors_info=&#8221;{}&#8221; theme_builder_area=&#8221;post_content&#8221;]@ET-DC@eyJkeW5hbWljIjp0cnVlLCJjb250ZW50IjoicG9zdF90aXRsZSIsInNldHRpbmdzIjp7ImJlZm9yZSI6IjxoMT4iLCJhZnRlciI6IjxcL2gxPiJ9fQ==@[\/et_pb_text][et_pb_text admin_label=&#8221;Text&#8221; _builder_version=&#8221;4.16&#8243; _dynamic_attributes=&#8221;content&#8221; _module_preset=&#8221;default&#8221; text_font=&#8221;|700|||||||&#8221; text_text_color=&#8221;#1c8b98&#8243; text_font_size=&#8221;36px&#8221; text_line_height=&#8221;1.1em&#8221; header_text_color=&#8221;#ffffff&#8221; text_orientation=&#8221;center&#8221; custom_margin=&#8221;24px||||false|false&#8221; custom_padding=&#8221;||0px|||&#8221; custom_css_main_element=&#8221;word-wrap: break-word;||&#8221; global_colors_info=&#8221;{}&#8221; theme_builder_area=&#8221;post_content&#8221;]@ET-DC@eyJkeW5hbWljIjp0cnVlLCJjb250ZW50IjoicG9zdF9leGNlcnB0Iiwic2V0dGluZ3MiOnsiYmVmb3JlIjoiIiwiYWZ0ZXIiOiIiLCJ3b3JkcyI6IiIsInJlYWRfbW9yZV9sYWJlbCI6IiJ9fQ==@[\/et_pb_text][et_pb_text _builder_version=&#8221;4.16&#8243; _module_preset=&#8221;default&#8221; background_color=&#8221;rgba(255,255,255,0.89)&#8221; width=&#8221;98.2%&#8221; custom_margin=&#8221;|||17px||&#8221; custom_padding=&#8221;30px|30px|30px|30px|false|false&#8221; global_colors_info=&#8221;{}&#8221; theme_builder_area=&#8221;post_content&#8221;]<\/p>\n<p><strong>From 49,900 HUF \/ 2 people \/ night (minimum 2 nights)<\/strong><br \/><strong>Prices may vary depending on occupancy. The indicated basic price applies to a standard attic room, on weekdays, at normal occupancy.<\/strong><\/p>\n<p>Sunday arrivals are excluded from the offer.<\/p>\n<p><strong>Validity period:\u00a0<\/strong>all year round regardless of the season (except for Sunday arrivals and special peak periods)<\/p>\n<p>[\/et_pb_text][et_pb_image src=&#8221;https:\/\/www.hotelvisegrad.hu\/wp-content\/uploads\/45a905cd06308e2985fb135ddf740752.jpg&#8221; title_text=&#8221;45a905cd06308e2985fb135ddf740752&#8243; align=&#8221;center&#8221; _builder_version=&#8221;4.17.4&#8243; _module_preset=&#8221;default&#8221; global_colors_info=&#8221;{}&#8221; theme_builder_area=&#8221;post_content&#8221;][\/et_pb_image][\/et_pb_column][\/et_pb_row][et_pb_row column_structure=&#8221;1_2,1_2&#8243; _builder_version=&#8221;4.17.4&#8243; _module_preset=&#8221;default&#8221; global_colors_info=&#8221;{}&#8221; theme_builder_area=&#8221;post_content&#8221;][et_pb_column type=&#8221;1_2&#8243; _builder_version=&#8221;4.17.4&#8243; _module_preset=&#8221;default&#8221; global_colors_info=&#8221;{}&#8221; theme_builder_area=&#8221;post_content&#8221;][et_pb_text admin_label=&#8221;Text&#8221; _builder_version=&#8221;4.17.4&#8243; _module_preset=&#8221;default&#8221; text_font=&#8221;|700|||||||&#8221; text_text_color=&#8221;#1c8b98&#8243; text_font_size=&#8221;36px&#8221; text_line_height=&#8221;1.1em&#8221; header_text_color=&#8221;#ffffff&#8221; text_orientation=&#8221;center&#8221; custom_margin=&#8221;24px||||false|false&#8221; custom_padding=&#8221;||0px|||&#8221; custom_css_main_element=&#8221;word-wrap: break-word;||&#8221; global_colors_info=&#8221;{}&#8221; theme_builder_area=&#8221;post_content&#8221;]<\/p>\n<p>The history of p\u00e1linka, ingredients, p\u00e1linka as a medicine, retro p\u00e1linka labels&#8230;<\/p>\n<p>[\/et_pb_text][et_pb_image src=&#8221;https:\/\/www.hotelvisegrad.hu\/wp-content\/uploads\/unnamed-1.jpg&#8221; title_text=&#8221;unnamed&#8221; _builder_version=&#8221;4.17.4&#8243; _module_preset=&#8221;default&#8221; global_colors_info=&#8221;{}&#8221; theme_builder_area=&#8221;post_content&#8221;][\/et_pb_image][\/et_pb_column][et_pb_column type=&#8221;1_2&#8243; _builder_version=&#8221;4.17.4&#8243; _module_preset=&#8221;default&#8221; global_colors_info=&#8221;{}&#8221; theme_builder_area=&#8221;post_content&#8221;][et_pb_image src=&#8221;https:\/\/www.hotelvisegrad.hu\/wp-content\/uploads\/1560_kocc.jpg&#8221; title_text=&#8221;1560_kocc&#8221; _builder_version=&#8221;4.17.4&#8243; _module_preset=&#8221;default&#8221; global_colors_info=&#8221;{}&#8221; theme_builder_area=&#8221;post_content&#8221;][\/et_pb_image][et_pb_text admin_label=&#8221;Text&#8221; _builder_version=&#8221;4.17.4&#8243; _module_preset=&#8221;default&#8221; text_font=&#8221;|700|||||||&#8221; text_text_color=&#8221;#1c8b98&#8243; text_font_size=&#8221;36px&#8221; text_line_height=&#8221;1.1em&#8221; header_text_color=&#8221;#ffffff&#8221; text_orientation=&#8221;center&#8221; custom_margin=&#8221;24px||||false|false&#8221; custom_padding=&#8221;||0px|||&#8221; custom_css_main_element=&#8221;word-wrap: break-word;||&#8221; global_colors_info=&#8221;{}&#8221; theme_builder_area=&#8221;post_content&#8221;]<\/p>\n<p>P\u00e1linka is Hungaricum!<\/p>\n<p>[\/et_pb_text][et_pb_text _builder_version=&#8221;4.17.4&#8243; _module_preset=&#8221;default&#8221; global_colors_info=&#8221;{}&#8221; theme_builder_area=&#8221;post_content&#8221;]<\/p>\n<p style=\"text-align: center;\">Address: 2025 Visegr\u00e1d, R\u00e9v utca 1.<\/p>\n<p style=\"text-align: center;\"><strong>Opening hours:<br \/>Tuesday &#8211; Saturday: 2:00 pm &#8211; 6:00 pm<\/strong><br \/>Sunday &#8211; Monday: CLOSED<\/p>\n<p style=\"text-align: center;\">\u00a0<\/p>\n<p>[\/et_pb_text][\/et_pb_column][\/et_pb_row][\/et_pb_section][et_pb_section fb_built=&#8221;1&#8243; prev_background_color=&#8221;#d1d2d5&#8243; _builder_version=&#8221;4.16&#8243; _module_preset=&#8221;default&#8221; background_color=&#8221;#E14B3B&#8221; custom_margin=&#8221;||||false|false&#8221; custom_padding=&#8221;||||false|false&#8221; top_divider_style=&#8221;slant2&#8243; top_divider_style_tablet=&#8221;&#8221; top_divider_style_phone=&#8221;&#8221; top_divider_style_last_edited=&#8221;on|desktop&#8221; global_colors_info=&#8221;{}&#8221; theme_builder_area=&#8221;post_content&#8221;][et_pb_row _builder_version=&#8221;4.16&#8243; _module_preset=&#8221;default&#8221; custom_padding=&#8221;50px||||false|false&#8221; global_colors_info=&#8221;{}&#8221; theme_builder_area=&#8221;post_content&#8221;][et_pb_column type=&#8221;4_4&#8243; _builder_version=&#8221;4.16&#8243; _module_preset=&#8221;default&#8221; global_colors_info=&#8221;{}&#8221; theme_builder_area=&#8221;post_content&#8221;][et_pb_text _builder_version=&#8221;4.16&#8243; _module_preset=&#8221;default&#8221; text_text_color=&#8221;#ffffff&#8221; header_text_color=&#8221;#ffffff&#8221; custom_margin=&#8221;||0px||false|false&#8221; custom_padding=&#8221;||0px||false|false&#8221; global_colors_info=&#8221;{}&#8221; theme_builder_area=&#8221;post_content&#8221;]<\/p>\n<h1 class=\"widget-title\" style=\"text-align: center;\">The package includes:<\/h1>\n<p>[\/et_pb_text][et_pb_divider color=&#8221;#ffffff&#8221; divider_weight=&#8221;2px&#8221; _builder_version=&#8221;4.16&#8243; _module_preset=&#8221;default&#8221; module_alignment=&#8221;center&#8221; custom_margin=&#8221;||0px||false|false&#8221; custom_padding=&#8221;||0px||false|false&#8221; animation_style=&#8221;slide&#8221; animation_direction=&#8221;right&#8221; global_colors_info=&#8221;{}&#8221; theme_builder_area=&#8221;post_content&#8221;][\/et_pb_divider][et_pb_text module_class=&#8221;custom_bullets_wpcc custom_bullets_wpcc&#8211;check&#8221; _builder_version=&#8221;4.16&#8243; _module_preset=&#8221;default&#8221; text_text_color=&#8221;#ffffff&#8221; link_font=&#8221;|700|||||||&#8221; link_text_color=&#8221;#ffffff&#8221; header_text_color=&#8221;#ffffff&#8221; header_3_text_color=&#8221;#ffffff&#8221; background_enable_color=&#8221;off&#8221; background_layout=&#8221;dark&#8221; custom_margin=&#8221;0px||0px||false|false&#8221; custom_padding=&#8221;0px||0px||false|false&#8221; global_colors_info=&#8221;{}&#8221; theme_builder_area=&#8221;post_content&#8221;]<\/p>\n<ul>\n<li><i class=\"thim-color fa fa-check-circle\"><\/i>\u00a0Accommodation for 2 or 3 nights in a <a href=\"https:\/\/www.hotelvisegrad.hu\/en\/rooms\/\" target=\"_blank\" rel=\"noopener noreferrer\">room with a <strong>balcony<\/strong><\/a>, with a view on the Danube or on the Visegr\u00e1d Citadel<\/li>\n<li><i class=\"thim-color fa fa-check-circle\"><\/i>\u00a0Plentiful <strong>buffet breakfast<\/strong><\/li>\n<li><i class=\"thim-color fa fa-check-circle\"><\/i>\u00a0Palinka gift package in the room<\/li>\n<li><i class=\"thim-color fa fa-check-circle\"><\/i>\u00a0Free of charge visit of the ZUGF\u0150ZDE P\u00e1linka Museum &#8211; <strong>Museum opening hours<\/strong>:<br \/>Tuesday &#8211; Saturday 2 pm &#8211; 6 pm<\/li>\n<li><i class=\"thim-color fa fa-check-circle\"><\/i>Palinka tasting of 2 different tastes<\/li>\n<li><i class=\"thim-color fa fa-check-circle\"><\/i> <strong>Unlimited <\/strong>use of the spa amenities: Finnish sauna, bio sauna and infra sauna, plunge pool, steam, <strong>jacuzzi with a panorama<\/strong>, heated indoor pool, kids&#8217; pool<\/li>\n<li>\u00a0Dinner one evening in the restaurant of <a href=\"http:\/\/www.siralyvisegrad.hu\/\" target=\"_blank\" rel=\"noopener\">Hotel Visegr\u00e1d<\/a> (buffet or \u00e0 la carte, depending on the number of guests)<\/li>\n<li>Royal Feast in <a href=\"http:\/\/www.renvisegrad.hu\/\" target=\"_blank\" rel=\"noopener\">Renaissance Restaurant<\/a> with aperitif, unlimited white and red wine, unlimited alcohol-free beverages<\/li>\n<li><i class=\"thim-color fa fa-check-circle\"><\/i>Free shuttle services between the event venues<i class=\"thim-color fa fa-check-circle\"><\/i><\/li>\n<\/ul>\n<p>[\/et_pb_text][et_pb_text _builder_version=&#8221;4.16&#8243; _module_preset=&#8221;default&#8221; text_text_color=&#8221;#ffffff&#8221; header_text_color=&#8221;#ffffff&#8221; background_layout=&#8221;dark&#8221; global_colors_info=&#8221;{}&#8221; theme_builder_area=&#8221;post_content&#8221;]<\/p>\n<h3 class=\"widget-title\">\u00a0<\/h3>\n<h3 class=\"widget-title\">\u00a0<\/h3>\n<h3 class=\"widget-title\">Important information<\/h3>\n<p>The Zugf\u0151zde Palinka Museum is closed on Sundays and Mondays, therefore this package is not available with arrival on Sunday. The package is available with arrival on Saturday, however, the Palinka Museum can be visited until 6 pm on Saturday. Please adjust your arrival time accordingly.<\/p>\n<p>[\/et_pb_text][\/et_pb_column][\/et_pb_row][\/et_pb_section][et_pb_section fb_built=&#8221;1&#8243; prev_background_color=&#8221;#E14B3B&#8221; _builder_version=&#8221;4.16&#8243; _module_preset=&#8221;default&#8221; background_image=&#8221;https:\/\/hotelvisegrad.hu\/wp-content\/uploads\/hatter1.png&#8221; top_divider_style=&#8221;slant2&#8243; global_colors_info=&#8221;{}&#8221; theme_builder_area=&#8221;post_content&#8221;][et_pb_row _builder_version=&#8221;4.16&#8243; _module_preset=&#8221;default&#8221; custom_padding=&#8221;50px||||false|false&#8221; global_colors_info=&#8221;{}&#8221; theme_builder_area=&#8221;post_content&#8221;][et_pb_column type=&#8221;4_4&#8243; _builder_version=&#8221;4.16&#8243; _module_preset=&#8221;default&#8221; global_colors_info=&#8221;{}&#8221; theme_builder_area=&#8221;post_content&#8221;][et_pb_text _builder_version=&#8221;4.16&#8243; _module_preset=&#8221;default&#8221; header_text_color=&#8221;#1c8b98&#8243; custom_margin=&#8221;||0px||false|false&#8221; custom_padding=&#8221;||0px||false|false&#8221; global_colors_info=&#8221;{}&#8221; theme_builder_area=&#8221;post_content&#8221;]<\/p>\n<h1 class=\"widget-title\" style=\"text-align: center;\">Book online with the following benefits<\/h1>\n<p>[\/et_pb_text][et_pb_divider color=&#8221;#1c8b98&#8243; divider_weight=&#8221;2px&#8221; _builder_version=&#8221;4.16&#8243; _module_preset=&#8221;default&#8221; width=&#8221;20%&#8221; module_alignment=&#8221;center&#8221; animation_style=&#8221;slide&#8221; animation_direction=&#8221;left&#8221; global_colors_info=&#8221;{}&#8221; theme_builder_area=&#8221;post_content&#8221;][\/et_pb_divider][\/et_pb_column][\/et_pb_row][et_pb_row column_structure=&#8221;1_2,1_2&#8243; _builder_version=&#8221;4.16&#8243; _module_preset=&#8221;default&#8221; global_colors_info=&#8221;{}&#8221; theme_builder_area=&#8221;post_content&#8221;][et_pb_column type=&#8221;1_2&#8243; _builder_version=&#8221;4.16&#8243; _module_preset=&#8221;default&#8221; global_colors_info=&#8221;{}&#8221; theme_builder_area=&#8221;post_content&#8221;][et_pb_blurb title=&#8221;Best Price Guarantee&#8221; use_icon=&#8221;on&#8221; font_icon=&#8221;&#xe0f3;||divi||400&#8243; icon_color=&#8221;#1c8b98&#8243; _builder_version=&#8221;4.16&#8243; _module_preset=&#8221;default&#8221; text_orientation=&#8221;center&#8221; global_colors_info=&#8221;{}&#8221; theme_builder_area=&#8221;post_content&#8221;][\/et_pb_blurb][\/et_pb_column][et_pb_column type=&#8221;1_2&#8243; _builder_version=&#8221;4.16&#8243; _module_preset=&#8221;default&#8221; global_colors_info=&#8221;{}&#8221; theme_builder_area=&#8221;post_content&#8221;][et_pb_blurb title=&#8221;Colourful Events&#8221; use_icon=&#8221;on&#8221; font_icon=&#8221;&#xe075;||divi||400&#8243; icon_color=&#8221;#1c8b98&#8243; _builder_version=&#8221;4.16&#8243; _module_preset=&#8221;default&#8221; text_orientation=&#8221;center&#8221; global_colors_info=&#8221;{}&#8221; theme_builder_area=&#8221;post_content&#8221;][\/et_pb_blurb][\/et_pb_column][\/et_pb_row][et_pb_row column_structure=&#8221;1_2,1_2&#8243; make_equal=&#8221;on&#8221; _builder_version=&#8221;4.16&#8243; _module_preset=&#8221;default&#8221; global_colors_info=&#8221;{}&#8221; theme_builder_area=&#8221;post_content&#8221;][et_pb_column type=&#8221;1_2&#8243; _builder_version=&#8221;4.16&#8243; _module_preset=&#8221;default&#8221; global_colors_info=&#8221;{}&#8221; theme_builder_area=&#8221;post_content&#8221;][et_pb_cta title=&#8221;Reservation&#8221; button_url=&#8221;https:\/\/www.hotelvisegrad.hu\/en\/booking\/&#8221; button_text=&#8221;Price calculation and reservation&#8221; _builder_version=&#8221;4.16&#8243; _module_preset=&#8221;default&#8221; background_color=&#8221;#1c8b98&#8243; global_colors_info=&#8221;{}&#8221; theme_builder_area=&#8221;post_content&#8221;]<\/p>\n<p>Use our price calculator and book online, get your confirmation immediately, it only takes 2 minutes!<\/p>\n<p>[\/et_pb_cta][\/et_pb_column][et_pb_column type=&#8221;1_2&#8243; _builder_version=&#8221;4.16&#8243; _module_preset=&#8221;default&#8221; global_colors_info=&#8221;{}&#8221; theme_builder_area=&#8221;post_content&#8221;][et_pb_cta title=&#8221;Request an offer&#8221; button_url=&#8221;https:\/\/www.hotelvisegrad.hu\/en\/request-a-quote\/&#8221; button_text=&#8221;Request an offer&#8221; _builder_version=&#8221;4.16&#8243; _module_preset=&#8221;default&#8221; background_color=&#8221;#1c8b98&#8243; link_option_url=&#8221;https:\/\/www.hotelvisegrad.hu\/en\/request-a-quote\/&#8221; global_colors_info=&#8221;{}&#8221; theme_builder_area=&#8221;post_content&#8221;]<\/p>\n<p>Request our offer simply within a few seconds. You will receive our individual offer within 24 hours.<\/p>\n<p>[\/et_pb_cta][\/et_pb_column][\/et_pb_row][\/et_pb_section]<\/p>\n","protected":false},"excerpt":{"rendered":"<p>Tickets to the ZUGF\u0150ZDE P\u00e1linka Museum in Visegr\u00e1d, Renaissance royal feast<\/p>\n","protected":false},"author":1,"featured_media":21068,"comment_status":"open","ping_status":"open","sticky":false,"template":"","format":"standard","meta":{"_et_pb_use_builder":"on","_et_pb_old_content":"","_et_gb_content_width":"","footnotes":""},"categories":[849],"tags":[862,861,834,863,864],"class_list":["post-17294","post","type-post","status-publish","format-standard","has-post-thumbnail","hentry","category-offers","tag-active-recreation","tag-events-in-the-danube-bend","tag-events-in-visegrad","tag-palinka-museum","tag-with-friends"],"_links":{"self":[{"href":"https:\/\/www.hotelvisegrad.hu\/en\/wp-json\/wp\/v2\/posts\/17294","targetHints":{"allow":["GET"]}}],"collection":[{"href":"https:\/\/www.hotelvisegrad.hu\/en\/wp-json\/wp\/v2\/posts"}],"about":[{"href":"https:\/\/www.hotelvisegrad.hu\/en\/wp-json\/wp\/v2\/types\/post"}],"author":[{"embeddable":true,"href":"https:\/\/www.hotelvisegrad.hu\/en\/wp-json\/wp\/v2\/users\/1"}],"replies":[{"embeddable":true,"href":"https:\/\/www.hotelvisegrad.hu\/en\/wp-json\/wp\/v2\/comments?post=17294"}],"version-history":[{"count":3,"href":"https:\/\/www.hotelvisegrad.hu\/en\/wp-json\/wp\/v2\/posts\/17294\/revisions"}],"predecessor-version":[{"id":22671,"href":"https:\/\/www.hotelvisegrad.hu\/en\/wp-json\/wp\/v2\/posts\/17294\/revisions\/22671"}],"wp:featuredmedia":[{"embeddable":true,"href":"https:\/\/www.hotelvisegrad.hu\/en\/wp-json\/wp\/v2\/media\/21068"}],"wp:attachment":[{"href":"https:\/\/www.hotelvisegrad.hu\/en\/wp-json\/wp\/v2\/media?parent=17294"}],"wp:term":[{"taxonomy":"category","embeddable":true,"href":"https:\/\/www.hotelvisegrad.hu\/en\/wp-json\/wp\/v2\/categories?post=17294"},{"taxonomy":"post_tag","embeddable":true,"href":"https:\/\/www.hotelvisegrad.hu\/en\/wp-json\/wp\/v2\/tags?post=17294"}],"curies":[{"name":"wp","href":"https:\/\/api.w.org\/{rel}","templated":true}]}}