{"id":251962,"date":"2025-03-10T10:02:11","date_gmt":"2025-03-10T10:02:11","guid":{"rendered":"https:\/\/www.hotelvisegrad.hu\/retro-disco-wochenende\/"},"modified":"2025-04-10T08:14:55","modified_gmt":"2025-04-10T08:14:55","slug":"retro-disco-wochenende","status":"publish","type":"post","link":"https:\/\/www.hotelvisegrad.hu\/de\/retro-disco-wochenende\/","title":{"rendered":"Retro Disco Wochenende"},"content":{"rendered":"<p>[et_pb_section fb_built=&#8220;1&#8243; admin_label=&#8220;FEJLEC&#8220; _builder_version=&#8220;4.16&#8243; _dynamic_attributes=&#8220;background_image&#8220; _module_preset=&#8220;default&#8220; background_enable_color=&#8220;off&#8220; background_image=&#8220;@ET-DC@eyJkeW5hbWljIjp0cnVlLCJjb250ZW50IjoicG9zdF9mZWF0dXJlZF9pbWFnZSIsInNldHRpbmdzIjp7fX0=@&#8220; min_height=&#8220;400px&#8220; global_colors_info=&#8220;{}&#8220; theme_builder_area=&#8220;post_content&#8220;][et_pb_row _builder_version=&#8220;4.16&#8243; _module_preset=&#8220;2c3722c0-227e-45c8-9254-97978a188986&#8243; global_colors_info=&#8220;{}&#8220; theme_builder_area=&#8220;post_content&#8220;][et_pb_column type=&#8220;4_4&#8243; _builder_version=&#8220;4.16&#8243; _module_preset=&#8220;default&#8220; global_colors_info=&#8220;{}&#8220; theme_builder_area=&#8220;post_content&#8220;][\/et_pb_column][\/et_pb_row][\/et_pb_section][et_pb_section fb_built=&#8220;1&#8243; _builder_version=&#8220;4.16&#8243; _module_preset=&#8220;default&#8220; background_color=&#8220;#d1d2d5&#8243; custom_margin=&#8220;0px||||false|false&#8220; custom_padding=&#8220;0px||||false|false&#8220; global_colors_info=&#8220;{}&#8220; theme_builder_area=&#8220;post_content&#8220;][et_pb_row _builder_version=&#8220;4.16&#8243; _module_preset=&#8220;default&#8220; background_color=&#8220;rgba(0,0,0,0)&#8220; custom_margin=&#8220;||0px||false|false&#8220; custom_padding=&#8220;||0px||false|false&#8220; global_colors_info=&#8220;{}&#8220; theme_builder_area=&#8220;post_content&#8220;][et_pb_column type=&#8220;4_4&#8243; _builder_version=&#8220;4.16&#8243; _module_preset=&#8220;default&#8220; background_enable_color=&#8220;off&#8220; global_colors_info=&#8220;{}&#8220; theme_builder_area=&#8220;post_content&#8220;][et_pb_text _builder_version=&#8220;4.16&#8243; _dynamic_attributes=&#8220;content&#8220; _module_preset=&#8220;default&#8220; header_font=&#8220;||||||||&#8220; header_text_align=&#8220;center&#8220; global_colors_info=&#8220;{}&#8220; theme_builder_area=&#8220;post_content&#8220;]@ET-DC@eyJkeW5hbWljIjp0cnVlLCJjb250ZW50IjoicG9zdF90aXRsZSIsInNldHRpbmdzIjp7ImJlZm9yZSI6IjxoMT4iLCJhZnRlciI6IjxcL2gxPiJ9fQ==@[\/et_pb_text][\/et_pb_column][\/et_pb_row][et_pb_row column_structure=&#8220;1_4,3_4&#8243; _builder_version=&#8220;4.16&#8243; _module_preset=&#8220;default&#8220; global_colors_info=&#8220;{}&#8220; theme_builder_area=&#8220;post_content&#8220;][et_pb_column type=&#8220;1_4&#8243; _builder_version=&#8220;4.16&#8243; _module_preset=&#8220;default&#8220; global_colors_info=&#8220;{}&#8220; theme_builder_area=&#8220;post_content&#8220;][et_pb_text admin_label=&#8220;Text&#8220; _builder_version=&#8220;4.16&#8243; _dynamic_attributes=&#8220;content&#8220; _module_preset=&#8220;default&#8220; text_font=&#8220;|700|||||||&#8220; text_text_color=&#8220;#1c8b98&#8243; text_font_size=&#8220;36px&#8220; text_line_height=&#8220;1.1em&#8220; header_text_color=&#8220;#ffffff&#8220; text_orientation=&#8220;center&#8220; custom_margin=&#8220;24px|-53px|||false|false&#8220; custom_padding=&#8220;||0px|||&#8220; custom_css_main_element=&#8220;word-wrap: break-word;||&#8220; global_colors_info=&#8220;{}&#8220; theme_builder_area=&#8220;post_content&#8220;]@ET-DC@eyJkeW5hbWljIjp0cnVlLCJjb250ZW50IjoicG9zdF9leGNlcnB0Iiwic2V0dGluZ3MiOnsiYmVmb3JlIjoiIiwiYWZ0ZXIiOiIiLCJ3b3JkcyI6IiIsInJlYWRfbW9yZV9sYWJlbCI6IiJ9fQ==@[\/et_pb_text][\/et_pb_column][et_pb_column type=&#8220;3_4&#8243; _builder_version=&#8220;4.16&#8243; _module_preset=&#8220;default&#8220; global_colors_info=&#8220;{}&#8220; theme_builder_area=&#8220;post_content&#8220;][et_pb_text _builder_version=&#8220;4.27.4&#8243; _module_preset=&#8220;default&#8220; background_color=&#8220;rgba(255,255,255,0.89)&#8220; custom_padding=&#8220;30px|30px|30px|30px|false|false&#8220; global_colors_info=&#8220;{}&#8220; theme_builder_area=&#8220;post_content&#8220;]<\/p>\n<p><strong>Ab 39 500 Ft \/ Person \/ Nacht\u00a0\u00a0<\/strong><\/p>\n<p>Preise variieren je nach Verf\u00fcgbarkeit! <strong>Der angegebene Grundpreis ist in einem Standardzimmer im\u00a0 Dachboden erh\u00e4ltlich, ein h\u00f6heres Kategorienzimmer ist zu einem h\u00f6heren Preis erh\u00e4ltlich!<\/strong><b class=\"thim-color-title\"><br \/><\/b><\/p>\n<p><b class=\"thim-color-title\">G\u00fcltig:\u00a0 <\/b>11-13. April 2025.<\/p>\n<p>[\/et_pb_text][\/et_pb_column][\/et_pb_row][\/et_pb_section][et_pb_section fb_built=&#8220;1&#8243; prev_background_color=&#8220;#d1d2d5&#8243; _builder_version=&#8220;4.16&#8243; _module_preset=&#8220;default&#8220; background_color=&#8220;#E14B3B&#8220; custom_margin=&#8220;||||false|false&#8220; custom_padding=&#8220;||||false|false&#8220; top_divider_style=&#8220;slant2&#8243; top_divider_style_tablet=&#8220;&#8220; top_divider_style_phone=&#8220;&#8220; top_divider_style_last_edited=&#8220;on|desktop&#8220; global_colors_info=&#8220;{}&#8220; theme_builder_area=&#8220;post_content&#8220;][et_pb_row _builder_version=&#8220;4.16&#8243; _module_preset=&#8220;default&#8220; custom_padding=&#8220;50px||||false|false&#8220; global_colors_info=&#8220;{}&#8220; theme_builder_area=&#8220;post_content&#8220;][et_pb_column type=&#8220;4_4&#8243; _builder_version=&#8220;4.16&#8243; _module_preset=&#8220;default&#8220; global_colors_info=&#8220;{}&#8220; theme_builder_area=&#8220;post_content&#8220;][et_pb_text _builder_version=&#8220;4.16&#8243; _module_preset=&#8220;default&#8220; text_text_color=&#8220;#ffffff&#8220; header_text_color=&#8220;#ffffff&#8220; custom_margin=&#8220;||0px||false|false&#8220; custom_padding=&#8220;||0px||false|false&#8220; global_colors_info=&#8220;{}&#8220; theme_builder_area=&#8220;post_content&#8220;]<\/p>\n<h1 class=\"widget-title\" style=\"text-align: center;\">Inhalt des Pauschalangebots<\/h1>\n<p>[\/et_pb_text][et_pb_divider color=&#8220;#ffffff&#8220; divider_weight=&#8220;2px&#8220; _builder_version=&#8220;4.16&#8243; _module_preset=&#8220;default&#8220; module_alignment=&#8220;center&#8220; custom_margin=&#8220;||0px||false|false&#8220; custom_padding=&#8220;||0px||false|false&#8220; animation_style=&#8220;slide&#8220; animation_direction=&#8220;right&#8220; global_colors_info=&#8220;{}&#8220; theme_builder_area=&#8220;post_content&#8220;][\/et_pb_divider][et_pb_text module_class=&#8220;custom_bullets_wpcc custom_bullets_wpcc&#8211;check&#8220; _builder_version=&#8220;4.27.4&#8243; _module_preset=&#8220;default&#8220; text_text_color=&#8220;#ffffff&#8220; link_font=&#8220;|700|||||||&#8220; link_text_color=&#8220;#ffffff&#8220; header_text_color=&#8220;#ffffff&#8220; header_3_text_color=&#8220;#ffffff&#8220; background_enable_color=&#8220;off&#8220; background_layout=&#8220;dark&#8220; custom_margin=&#8220;0px||0px||false|false&#8220; custom_padding=&#8220;0px||0px||false|false&#8220; hover_enabled=&#8220;0&#8243; global_colors_info=&#8220;{}&#8220; theme_builder_area=&#8220;post_content&#8220; sticky_enabled=&#8220;0&#8243;]<\/p>\n<ul>\n<li><strong>Unterbringung<\/strong> in voll ausgestatteten Zimmern (TV, Telefon, Minibar, Safe, Balkon, Wifi)<\/li>\n<li>&#8211;<strong>Halbpension<\/strong> wie folgt:<br \/>-Reichhaltiges Fr\u00fchst\u00fccks<\/li>\n<li>\n<p><strong>Abendessen im Hotelrestaurant<\/strong> mit <strong>Disco-Party<\/strong> mit DJ<\/p>\n<p>-Einmal ein <strong>k\u00f6nigliches Festmahl im Renaissance-Restaurant<\/strong> mit Aperitif, unbegrenzt Rot- und Wei\u00dfwein sowie alkoholfreien Getr\u00e4nken<\/li>\n<li><strong>Unbegrenzte Nutzung des Wellnessbereichs<\/strong>\u00a0 Handt\u00fccher und Badem\u00e4ntel stehen zur Verf\u00fcgung: Finnische, Bio und Infrarot-Sauna<br \/>Dampfkabine, Panorama-Whirlpool, beheizter Innenpool, Kinderbecken, im Sommer Au\u00dferpool, Park mit Sonnenliegen<\/li>\n<li><strong>Turnierprogramm im Solomon\u2019s Turm <\/strong>oder <strong>Besuch des K\u00f6nigspalastes<\/strong><br \/>(wenn das Ritterturnier w\u00e4hrend Ihres Aufenthalts im Hotel nicht stattfindet, werden Sie zur Besichtigung des K\u00f6nigspalastes eingeladen)<\/li>\n<\/ul>\n<p><strong>Freizeitdienst kostenlos:<\/strong><br \/>Billard, Tischtennis, Spielzimmer, Fitnessraum, Fahrr\u00e4der<\/p>\n<p>Weitere Dienstleistungen sind gegen Geb\u00fchr erh\u00e4ltlich:<br \/>Massage, Bowling, Solarium, Laserkampf f\u00fcr mindestens f\u00fcr 10 Personen, Darts, Tischfu\u00dfball<\/p>\n<p>[\/et_pb_text][\/et_pb_column][\/et_pb_row][et_pb_row column_structure=&#8220;2_5,3_5&#8243; _builder_version=&#8220;4.16&#8243; _module_preset=&#8220;default&#8220; custom_padding=&#8220;||||false|false&#8220; global_colors_info=&#8220;{}&#8220; theme_builder_area=&#8220;post_content&#8220;][et_pb_column type=&#8220;2_5&#8243; _builder_version=&#8220;4.16&#8243; _module_preset=&#8220;default&#8220; custom_padding=&#8220;||||false|false&#8220; global_colors_info=&#8220;{}&#8220; theme_builder_area=&#8220;post_content&#8220;][et_pb_blurb title=&#8220;Unterkunft&#8220; image=&#8220;https:\/\/www.hotelvisegrad.hu\/wp-content\/uploads\/2387_No128-B_HD_compressed-1.jpg&#8220; _builder_version=&#8220;4.23.1&#8243; _module_preset=&#8220;3d678457-c31c-4276-bf4c-3df7c9eca755&#8243; custom_padding=&#8220;||||false|false&#8220; global_colors_info=&#8220;{}&#8220; theme_builder_area=&#8220;post_content&#8220;]<\/p>\n<p>Vollst\u00e4ndig ausgestattetes Zimmer mit Balkon mit Blick auf die Donau oder die Zitadelle<\/p>\n<p>[\/et_pb_blurb][et_pb_blurb title=&#8220;Ritterturnier im Salomon-Turm&#8220; image=&#8220;https:\/\/hotelvisegrad.hu\/wp-content\/uploads\/MG_2558-Nagy.jpg&#8220; _builder_version=&#8220;4.16&#8243; _module_preset=&#8220;3d678457-c31c-4276-bf4c-3df7c9eca755&#8243; custom_padding=&#8220;||||false|false&#8220; global_colors_info=&#8220;{}&#8220; theme_builder_area=&#8220;post_content&#8220;]<\/p>\n<p>Vorf\u00fchrung des St.-Georgs-Ordens mit Getr\u00e4nkeangebot<\/p>\n<p>[\/et_pb_blurb][et_pb_blurb title=&#8220;Reichhaltiges Fr\u00fchst\u00fccksbuffet&#8220; image=&#8220;https:\/\/hotelvisegrad.hu\/wp-content\/uploads\/IMG_1408-Nagy.jpg&#8220; _builder_version=&#8220;4.16&#8243; _module_preset=&#8220;3d678457-c31c-4276-bf4c-3df7c9eca755&#8243; global_colors_info=&#8220;{}&#8220; theme_builder_area=&#8220;post_content&#8220;][\/et_pb_blurb][et_pb_blurb title=&#8220;Unterhaltungsm\u00f6glichkeiten&#8220; image=&#8220;https:\/\/hotelvisegrad.hu\/wp-content\/uploads\/PIX_1887-Nagy-1.jpg&#8220; _builder_version=&#8220;4.16&#8243; _module_preset=&#8220;3d678457-c31c-4276-bf4c-3df7c9eca755&#8243; global_colors_info=&#8220;{}&#8220; theme_builder_area=&#8220;post_content&#8220;][\/et_pb_blurb][\/et_pb_column][et_pb_column type=&#8220;3_5&#8243; _builder_version=&#8220;4.16&#8243; _module_preset=&#8220;default&#8220; global_colors_info=&#8220;{}&#8220; theme_builder_area=&#8220;post_content&#8220;][et_pb_blurb title=&#8220;Unbegrenzte Wellness-Nutzung&#8220; image=&#8220;https:\/\/www.hotelvisegrad.hu\/wp-content\/uploads\/IMG_20230325_090850-1-scaled.jpg&#8220; _builder_version=&#8220;4.23.1&#8243; _module_preset=&#8220;3d678457-c31c-4276-bf4c-3df7c9eca755&#8243; global_colors_info=&#8220;{}&#8220; theme_builder_area=&#8220;post_content&#8220;]<\/p>\n<p>Finnische und Infrarotsauna, Dampfkabine, Panorama-Erlebnis-Whirlpool, beheizter Innenpool, Au\u00dfenpool<\/p>\n<p>[\/et_pb_blurb][et_pb_blurb title=&#8220;Einmal K\u00f6nigliches Festmahl im Restaurant Renaissance &#8220; image=&#8220;https:\/\/hotelvisegrad.hu\/wp-content\/uploads\/IMG_1224-Nagy.jpg&#8220; _builder_version=&#8220;4.16&#8243; _module_preset=&#8220;3d678457-c31c-4276-bf4c-3df7c9eca755&#8243; global_colors_info=&#8220;{}&#8220; theme_builder_area=&#8220;post_content&#8220;]<\/p>\n<p>Mit Aperitif, unbegrenzt Rot- und Wei\u00dfwein und alkoholfreien Getr\u00e4nken<\/p>\n<p>[\/et_pb_blurb][et_pb_blurb title=&#8220;Abendbrot im Restaurant des Hotels Visegr\u00e1d &#8220; image=&#8220;https:\/\/hotelvisegrad.hu\/wp-content\/uploads\/IMG_4875-Nagy.jpg&#8220; _builder_version=&#8220;4.16&#8243; _module_preset=&#8220;3d678457-c31c-4276-bf4c-3df7c9eca755&#8243; global_colors_info=&#8220;{}&#8220; theme_builder_area=&#8220;post_content&#8220;]Buffet oder a\u2019la carte je nach Anzahl der G\u00e4ste<br \/>\n[\/et_pb_blurb][\/et_pb_column][\/et_pb_row][\/et_pb_section][et_pb_section fb_built=&#8220;1&#8243; prev_background_color=&#8220;#E14B3B&#8220; _builder_version=&#8220;4.16&#8243; _module_preset=&#8220;default&#8220; background_image=&#8220;https:\/\/hotelvisegrad.hu\/wp-content\/uploads\/hatter1.png&#8220; top_divider_style=&#8220;slant2&#8243; global_colors_info=&#8220;{}&#8220; theme_builder_area=&#8220;post_content&#8220;][et_pb_row _builder_version=&#8220;4.16&#8243; _module_preset=&#8220;default&#8220; custom_padding=&#8220;50px||||false|false&#8220; global_colors_info=&#8220;{}&#8220; theme_builder_area=&#8220;post_content&#8220;][et_pb_column type=&#8220;4_4&#8243; _builder_version=&#8220;4.16&#8243; _module_preset=&#8220;default&#8220; global_colors_info=&#8220;{}&#8220; theme_builder_area=&#8220;post_content&#8220;][et_pb_text _builder_version=&#8220;4.16&#8243; _module_preset=&#8220;default&#8220; header_text_color=&#8220;#1c8b98&#8243; custom_margin=&#8220;||0px||false|false&#8220; custom_padding=&#8220;||0px||false|false&#8220; global_colors_info=&#8220;{}&#8220; theme_builder_area=&#8220;post_content&#8220;]<\/p>\n<h1 class=\"widget-title\" style=\"text-align: center;\">Buchen Sie online mit den folgenden Vorteilen<\/h1>\n<p>[\/et_pb_text][et_pb_divider color=&#8220;#1c8b98&#8243; divider_weight=&#8220;2px&#8220; _builder_version=&#8220;4.16&#8243; _module_preset=&#8220;default&#8220; width=&#8220;20%&#8220; module_alignment=&#8220;center&#8220; animation_style=&#8220;slide&#8220; animation_direction=&#8220;left&#8220; global_colors_info=&#8220;{}&#8220; theme_builder_area=&#8220;post_content&#8220;][\/et_pb_divider][\/et_pb_column][\/et_pb_row][et_pb_row column_structure=&#8220;1_2,1_2&#8243; _builder_version=&#8220;4.16&#8243; _module_preset=&#8220;default&#8220; global_colors_info=&#8220;{}&#8220; theme_builder_area=&#8220;post_content&#8220;][et_pb_column type=&#8220;1_2&#8243; _builder_version=&#8220;4.16&#8243; _module_preset=&#8220;default&#8220; global_colors_info=&#8220;{}&#8220; theme_builder_area=&#8220;post_content&#8220;][et_pb_blurb title=&#8220;Bester Preis garantiert!&#8220; use_icon=&#8220;on&#8220; font_icon=&#8220;&#xe0f3;||divi||400&#8243; icon_color=&#8220;#1c8b98&#8243; _builder_version=&#8220;4.16&#8243; _module_preset=&#8220;default&#8220; text_orientation=&#8220;center&#8220; global_colors_info=&#8220;{}&#8220; theme_builder_area=&#8220;post_content&#8220;][\/et_pb_blurb][\/et_pb_column][et_pb_column type=&#8220;1_2&#8243; _builder_version=&#8220;4.16&#8243; _module_preset=&#8220;default&#8220; global_colors_info=&#8220;{}&#8220; theme_builder_area=&#8220;post_content&#8220;][et_pb_blurb title=&#8220;Bunte Programme&#8220; use_icon=&#8220;on&#8220; font_icon=&#8220;&#xe075;||divi||400&#8243; icon_color=&#8220;#1c8b98&#8243; _builder_version=&#8220;4.16&#8243; _module_preset=&#8220;default&#8220; text_orientation=&#8220;center&#8220; global_colors_info=&#8220;{}&#8220; theme_builder_area=&#8220;post_content&#8220;][\/et_pb_blurb][\/et_pb_column][\/et_pb_row][et_pb_row column_structure=&#8220;1_2,1_2&#8243; make_equal=&#8220;on&#8220; _builder_version=&#8220;4.16&#8243; _module_preset=&#8220;default&#8220; global_colors_info=&#8220;{}&#8220; theme_builder_area=&#8220;post_content&#8220;][et_pb_column type=&#8220;1_2&#8243; _builder_version=&#8220;4.16&#8243; _module_preset=&#8220;default&#8220; global_colors_info=&#8220;{}&#8220; theme_builder_area=&#8220;post_content&#8220;][et_pb_cta title=&#8220;Reservierung&#8220; button_url=&#8220;https:\/\/www.hotelvisegrad.hu\/de\/buchung\/&#8220; button_text=&#8220;Preisberechnung und Buchung&#8220; _builder_version=&#8220;4.16&#8243; _module_preset=&#8220;default&#8220; background_color=&#8220;#1c8b98&#8243; global_colors_info=&#8220;{}&#8220; theme_builder_area=&#8220;post_content&#8220;]<\/p>\n<p>Buchen Sie Ihren Urlaub online mit sofortiger Best\u00e4tigung in wenigen Schritten und in nur 2 Minuten!<\/p>\n<p>[\/et_pb_cta][\/et_pb_column][et_pb_column type=&#8220;1_2&#8243; _builder_version=&#8220;4.16&#8243; _module_preset=&#8220;default&#8220; global_colors_info=&#8220;{}&#8220; theme_builder_area=&#8220;post_content&#8220;][et_pb_cta title=&#8220;Anfrage&#8220; button_url=&#8220;https:\/\/www.hotelvisegrad.hu\/de\/anfrage\/&#8220; button_text=&#8220;Anfrage&#8220; _builder_version=&#8220;4.16&#8243; _module_preset=&#8220;default&#8220; background_color=&#8220;#1c8b98&#8243; link_option_url=&#8220;https:\/\/www.hotelvisegrad.hu\/de\/anfrage\/&#8220; global_colors_info=&#8220;{}&#8220; theme_builder_area=&#8220;post_content&#8220;]<\/p>\n<p><span class=\"x4k7w5x x1h91t0o x1h9r5lt x1jfb8zj xv2umb2 x1beo9mf xaigb6o x12ejxvf x3igimt xarpa2k xedcshv x1lytzrv x1t2pt76 x7ja8zs x1qrby5j\" aria-describedby=\":r253:\"><span class=\"x1lliihq x1plvlek xryxfnj x1n2onr6 x1ji0vk5 x18bv5gf x193iq5w xeuugli x13faqbe x1vvkbs x1s928wv xhkezso x1gmr53x x1cpjm7i x1fgarty x1943h6x x1xmvt09 x6prxxf x1fcty0u xzsf02u xudqn12 x3x7a5m xq9mrsl\" dir=\"auto\">Fordern Sie ein pers\u00f6nliches Angebot von uns an!<\/span><\/span> Wir senden Ihnen sp\u00e4testens innerhalb von 24 Stunden unser pers\u00f6nliches Preisangebot zu!<\/p>\n<p>[\/et_pb_cta][\/et_pb_column][\/et_pb_row][\/et_pb_section]<\/p>\n","protected":false},"excerpt":{"rendered":"<p>Hits aus den 70-80er Jahren, eine unverge\u00dfliche Nacht!<\/p>\n","protected":false},"author":12,"featured_media":251926,"comment_status":"open","ping_status":"closed","sticky":false,"template":"","format":"standard","meta":{"_et_pb_use_builder":"on","_et_pb_old_content":"","_et_gb_content_width":"","footnotes":""},"categories":[920],"tags":[],"class_list":["post-251962","post","type-post","status-publish","format-standard","has-post-thumbnail","hentry","category-angebote"],"_links":{"self":[{"href":"https:\/\/www.hotelvisegrad.hu\/de\/wp-json\/wp\/v2\/posts\/251962","targetHints":{"allow":["GET"]}}],"collection":[{"href":"https:\/\/www.hotelvisegrad.hu\/de\/wp-json\/wp\/v2\/posts"}],"about":[{"href":"https:\/\/www.hotelvisegrad.hu\/de\/wp-json\/wp\/v2\/types\/post"}],"author":[{"embeddable":true,"href":"https:\/\/www.hotelvisegrad.hu\/de\/wp-json\/wp\/v2\/users\/12"}],"replies":[{"embeddable":true,"href":"https:\/\/www.hotelvisegrad.hu\/de\/wp-json\/wp\/v2\/comments?post=251962"}],"version-history":[{"count":14,"href":"https:\/\/www.hotelvisegrad.hu\/de\/wp-json\/wp\/v2\/posts\/251962\/revisions"}],"predecessor-version":[{"id":252221,"href":"https:\/\/www.hotelvisegrad.hu\/de\/wp-json\/wp\/v2\/posts\/251962\/revisions\/252221"}],"wp:featuredmedia":[{"embeddable":true,"href":"https:\/\/www.hotelvisegrad.hu\/de\/wp-json\/wp\/v2\/media\/251926"}],"wp:attachment":[{"href":"https:\/\/www.hotelvisegrad.hu\/de\/wp-json\/wp\/v2\/media?parent=251962"}],"wp:term":[{"taxonomy":"category","embeddable":true,"href":"https:\/\/www.hotelvisegrad.hu\/de\/wp-json\/wp\/v2\/categories?post=251962"},{"taxonomy":"post_tag","embeddable":true,"href":"https:\/\/www.hotelvisegrad.hu\/de\/wp-json\/wp\/v2\/tags?post=251962"}],"curies":[{"name":"wp","href":"https:\/\/api.w.org\/{rel}","templated":true}]}}