{"id":251761,"date":"2025-01-27T13:10:42","date_gmt":"2025-01-27T13:10:42","guid":{"rendered":"https:\/\/www.hotelvisegrad.hu\/die-internationalen-visegrader-palastspiele\/"},"modified":"2026-03-16T09:48:53","modified_gmt":"2026-03-16T09:48:53","slug":"die-internationalen-visegrader-palastspiele","status":"publish","type":"post","link":"https:\/\/www.hotelvisegrad.hu\/de\/die-internationalen-visegrader-palastspiele\/","title":{"rendered":"Die Internationalen Visegr\u00e1der Palastspiele"},"content":{"rendered":"<p>[et_pb_section fb_built=&#8220;1&#8243; admin_label=&#8220;FEJLEC&#8220; _builder_version=&#8220;4.16&#8243; _dynamic_attributes=&#8220;background_image&#8220; _module_preset=&#8220;default&#8220; background_enable_color=&#8220;off&#8220; background_image=&#8220;@ET-DC@eyJkeW5hbWljIjp0cnVlLCJjb250ZW50IjoicG9zdF9mZWF0dXJlZF9pbWFnZSIsInNldHRpbmdzIjp7fX0=@&#8220; min_height=&#8220;400px&#8220; global_colors_info=&#8220;{}&#8220;][et_pb_row _builder_version=&#8220;4.16&#8243; _module_preset=&#8220;2c3722c0-227e-45c8-9254-97978a188986&#8243; global_colors_info=&#8220;{}&#8220;][et_pb_column type=&#8220;4_4&#8243; _builder_version=&#8220;4.16&#8243; _module_preset=&#8220;default&#8220; global_colors_info=&#8220;{}&#8220;][\/et_pb_column][\/et_pb_row][\/et_pb_section][et_pb_section fb_built=&#8220;1&#8243; _builder_version=&#8220;4.16&#8243; _module_preset=&#8220;default&#8220; background_color=&#8220;#d1d2d5&#8243; custom_margin=&#8220;0px||||false|false&#8220; custom_padding=&#8220;0px||||false|false&#8220; global_colors_info=&#8220;{}&#8220;][et_pb_row _builder_version=&#8220;4.16&#8243; _module_preset=&#8220;default&#8220; background_color=&#8220;rgba(0,0,0,0)&#8220; custom_margin=&#8220;||0px||false|false&#8220; custom_padding=&#8220;||0px||false|false&#8220; global_colors_info=&#8220;{}&#8220;][et_pb_column type=&#8220;4_4&#8243; _builder_version=&#8220;4.16&#8243; _module_preset=&#8220;default&#8220; background_enable_color=&#8220;off&#8220; global_colors_info=&#8220;{}&#8220;][et_pb_text _builder_version=&#8220;4.16&#8243; _dynamic_attributes=&#8220;content&#8220; _module_preset=&#8220;default&#8220; header_font=&#8220;||||||||&#8220; header_text_align=&#8220;center&#8220; global_colors_info=&#8220;{}&#8220;]@ET-DC@eyJkeW5hbWljIjp0cnVlLCJjb250ZW50IjoicG9zdF90aXRsZSIsInNldHRpbmdzIjp7ImJlZm9yZSI6IjxoMT5cdTAwYTA8XC9oMT4iLCJhZnRlciI6IjxoMT5cdTAwYTA8XC9oMT4ifX0=@[\/et_pb_text][\/et_pb_column][\/et_pb_row][et_pb_row column_structure=&#8220;1_4,3_4&#8243; _builder_version=&#8220;4.16&#8243; _module_preset=&#8220;default&#8220; global_colors_info=&#8220;{}&#8220;][et_pb_column type=&#8220;1_4&#8243; _builder_version=&#8220;4.16&#8243; _module_preset=&#8220;default&#8220; global_colors_info=&#8220;{}&#8220;][et_pb_text admin_label=&#8220;Text&#8220; _builder_version=&#8220;4.16&#8243; _dynamic_attributes=&#8220;content&#8220; _module_preset=&#8220;default&#8220; text_font=&#8220;|700|||||||&#8220; text_text_color=&#8220;#1c8b98&#8243; text_font_size=&#8220;36px&#8220; text_line_height=&#8220;1.1em&#8220; header_text_color=&#8220;#ffffff&#8220; text_orientation=&#8220;center&#8220; custom_margin=&#8220;24px||||false|false&#8220; custom_padding=&#8220;||0px|||&#8220; custom_css_main_element=&#8220;word-wrap: normal;||&#8220; global_colors_info=&#8220;{}&#8220;]@ET-DC@eyJkeW5hbWljIjp0cnVlLCJjb250ZW50IjoicG9zdF9leGNlcnB0Iiwic2V0dGluZ3MiOnsiYmVmb3JlIjoiIiwiYWZ0ZXIiOiIiLCJ3b3JkcyI6IiIsInJlYWRfbW9yZV9sYWJlbCI6IiJ9fQ==@[\/et_pb_text][\/et_pb_column][et_pb_column type=&#8220;3_4&#8243; _builder_version=&#8220;4.16&#8243; _module_preset=&#8220;default&#8220; global_colors_info=&#8220;{}&#8220;][et_pb_text _builder_version=&#8220;4.27.4&#8243; _module_preset=&#8220;default&#8220; background_color=&#8220;rgba(255,255,255,0.89)&#8220; custom_padding=&#8220;30px|30px|30px|30px|false|false&#8220; global_colors_info=&#8220;{}&#8220;]<\/p>\n<p><b class=\"thim-color-title\">Ab 38.500 HUF \/ Person \/ Nacht &#8211; OHNE VORAUSZAHLUNG!<br \/><\/b>Preise variieren je nach Verf\u00fcgbarkeit! <strong>Der angegebene Grundpreis ist in einem Standardzimmer im\u00a0 Dachboden erh\u00e4ltlich, ein h\u00f6heres Kategorienzimmer ist zu einem h\u00f6heren Preis erh\u00e4ltlich!<\/strong><b class=\"thim-color-title\"><br \/>G\u00fcltig:\u00a0 11. &#8211; 13. Juli 2025.\u00a0<\/b><\/p>\n<p>&nbsp;<\/p>\n<p><b class=\"thim-color-title\"><\/b><b class=\"thim-color-title\"><b>An diesem besonderen Wochenende werden Besucher von Visegr\u00e1d drei Tage lang mit spektakul\u00e4ren Ritterturnieren, einem pr\u00e4chtigen k\u00f6niglichen Umzug, einem abendlichen Fackelumzug, einem Jahrmarkt, Konzerten und einem k\u00f6niglichen Weingericht verw\u00f6hnt, die an die unnachahmliche mittelalterliche Atmosph\u00e4re erinnern, die Visegr\u00e1d ausmacht die authentischen Orte.<\/b><\/b><\/p>\n<p>&nbsp;<\/p>\n<p>[\/et_pb_text][\/et_pb_column][\/et_pb_row][\/et_pb_section][et_pb_section fb_built=&#8220;1&#8243; prev_background_color=&#8220;#d1d2d5&#8243; _builder_version=&#8220;4.16&#8243; _module_preset=&#8220;default&#8220; background_color=&#8220;#E14B3B&#8220; custom_margin=&#8220;||||false|false&#8220; custom_padding=&#8220;||||false|false&#8220; top_divider_style=&#8220;slant2&#8243; top_divider_style_tablet=&#8220;&#8220; top_divider_style_phone=&#8220;&#8220; top_divider_style_last_edited=&#8220;on|desktop&#8220; global_colors_info=&#8220;{}&#8220;][et_pb_row _builder_version=&#8220;4.16&#8243; _module_preset=&#8220;default&#8220; custom_padding=&#8220;50px||||false|false&#8220; global_colors_info=&#8220;{}&#8220;][et_pb_column type=&#8220;4_4&#8243; _builder_version=&#8220;4.16&#8243; _module_preset=&#8220;default&#8220; global_colors_info=&#8220;{}&#8220;][et_pb_text _builder_version=&#8220;4.16&#8243; _module_preset=&#8220;default&#8220; text_text_color=&#8220;#ffffff&#8220; header_text_color=&#8220;#ffffff&#8220; custom_margin=&#8220;||0px||false|false&#8220; custom_padding=&#8220;||0px||false|false&#8220; global_colors_info=&#8220;{}&#8220;]<\/p>\n<h1 class=\"widget-title\" style=\"text-align: center;\">Inhalt des Pauschalangebots<\/h1>\n<p>[\/et_pb_text][et_pb_divider color=&#8220;#ffffff&#8220; divider_weight=&#8220;2px&#8220; _builder_version=&#8220;4.16&#8243; _module_preset=&#8220;default&#8220; module_alignment=&#8220;center&#8220; custom_margin=&#8220;||0px||false|false&#8220; custom_padding=&#8220;||0px||false|false&#8220; animation_style=&#8220;slide&#8220; animation_direction=&#8220;right&#8220; global_colors_info=&#8220;{}&#8220;][\/et_pb_divider][et_pb_text module_class=&#8220;custom_bullets_wpcc custom_bullets_wpcc&#8211;check&#8220; _builder_version=&#8220;4.16&#8243; _module_preset=&#8220;default&#8220; text_text_color=&#8220;#ffffff&#8220; link_font=&#8220;|700|||||||&#8220; link_text_color=&#8220;#ffffff&#8220; header_text_color=&#8220;#ffffff&#8220; header_3_text_color=&#8220;#ffffff&#8220; background_enable_color=&#8220;off&#8220; background_layout=&#8220;dark&#8220; custom_margin=&#8220;0px||0px||false|false&#8220; custom_padding=&#8220;0px||0px||false|false&#8220; global_colors_info=&#8220;{}&#8220;]<\/p>\n<p>\u2013 <strong>Unterbringung<\/strong> in voll ausgestatteten Zimmern (TV, Telefon, Minibar, Safe, Balkon, Wifi)<br \/>\u2013 <strong>Halbpension<\/strong> wie folgt:<br \/>\u2013 <strong>Reichhaltiges Fr\u00fchst\u00fccksbuffet und <\/strong><strong>Abendessen<\/strong>\u00a0(Buffet oder a&#8217;la carte je nach Anzahl der G\u00e4ste)<\/p>\n<p><strong>Einmal k\u00f6nigliches Festmahl im Renaissance-Restaurant<\/strong> mit Aperitif, unbegrenzt Rot- und Wei\u00dfwein sowie alkoholfreien Getr\u00e4nken<\/p>\n<p>\u2013 <strong>Unbegrenzte Nutzung des Wellnessbereichs am An- und Abreisetag von 7:30 bis 24:00 Uhr:<br \/><\/strong>Hallenb\u00e4der mit beheiztem Wasser, kleines Kinderbecken mit Rutschen, Whirlpool, Saunapark (Finnische Sauna, Biosauna, Dampfkabine, Infrasauna), im Sommer<\/p>\n<p>Freizeitdienst kostenlos:<br \/>Billard, Tischtennis, Spielzimmer, Fitnessraum, Fahrr\u00e4der<\/p>\n<p>Weitere Dienstleistungen sind gegen Geb\u00fchr erh\u00e4ltlich:<br \/>Massage, Bowling, Solarium, Laserkampf f\u00fcr mindestens f\u00fcr 10 Personen, Darts, Tischfu\u00dfball<\/p>\n<p><span style=\"font-size: 15px;\">Die Internationalen Visegr\u00e1der Palastspiele finden j\u00e4hrlich am zweiten Juliwochenende zur Erinnerung an das Visegr\u00e1der K\u00f6nigstreffen von 1335 statt, eines der wichtigsten Ereignisse im mittelalterlichen Europa. Drei Tage lang erwarten die Besucher spektakul\u00e4re Ritterturniere, ein pr\u00e4chtiger k\u00f6niglicher Umzug, ein abendlicher Fackelzug, ein Jahrmarkt, Konzerte und ein k\u00f6niglicher Weinempfang, die die unnachahmliche mittelalterliche Atmosph\u00e4re heraufbeschw\u00f6ren, deren authentischer Schauplatz Visegr\u00e1d ist.<\/span><\/p>\n<p><strong style=\"font-size: 15px;\">Weiteren Informationen finden Sie hier:<br \/><\/strong><a href=\"http:\/\/palotajatekok.hu\/\" target=\"_blank\" rel=\"nofollow noopener\">www.palotajatekok.hu\/de<\/a><br \/><a href=\"https:\/\/www.facebook.com\/pages\/Visegr%C3%A1di-Nemzetk%C3%B6zi-Palotaj%C3%A1t%C3%A9kok-hivatalos\/203799673053917\" target=\"_blank\" rel=\"nofollow noopener\">www.facebook.hu\/Visegr\u00e1di Nemzetk\u00f6zi Palotaj\u00e1t\u00e9kok (Offizielle Webseite)<\/a><br \/><a href=\"mailto:info@visitvisegrad.hu\" target=\"_blank\" rel=\"nofollow noopener\">info@visitvisegrad.hu<\/a><\/p>\n<p>[\/et_pb_text][\/et_pb_column][\/et_pb_row][et_pb_row column_structure=&#8220;2_5,3_5&#8243; _builder_version=&#8220;4.16&#8243; _module_preset=&#8220;default&#8220; custom_padding=&#8220;||||false|false&#8220; global_colors_info=&#8220;{}&#8220;][et_pb_column type=&#8220;2_5&#8243; _builder_version=&#8220;4.16&#8243; _module_preset=&#8220;default&#8220; custom_padding=&#8220;||||false|false&#8220; global_colors_info=&#8220;{}&#8220;][et_pb_blurb title=&#8220;Unterkunft&#8220; image=&#8220;https:\/\/www.hotelvisegrad.hu\/wp-content\/uploads\/2387_No128-B-scaled.jpg&#8220; _builder_version=&#8220;4.21.0&#8243; _module_preset=&#8220;3d678457-c31c-4276-bf4c-3df7c9eca755&#8243; custom_padding=&#8220;||||false|false&#8220; global_colors_info=&#8220;{}&#8220;]<\/p>\n<p>Vollst\u00e4ndig ausgestattetes Zimmer mit Balkon mit Blick auf die Donau oder die Zitadelle<\/p>\n<p>[\/et_pb_blurb][et_pb_blurb title=&#8220;Reichhaltiges Fr\u00fchst\u00fccksbuffet&#8220; image=&#8220;https:\/\/hotelvisegrad.hu\/wp-content\/uploads\/IMG_1408-Nagy.jpg&#8220; _builder_version=&#8220;4.16&#8243; _module_preset=&#8220;3d678457-c31c-4276-bf4c-3df7c9eca755&#8243; global_colors_info=&#8220;{}&#8220;][\/et_pb_blurb][et_pb_blurb title=&#8220;Unterhaltungsm\u00f6glichkeiten&#8220; image=&#8220;https:\/\/hotelvisegrad.hu\/wp-content\/uploads\/PIX_1887-Nagy-1.jpg&#8220; _builder_version=&#8220;4.16&#8243; _module_preset=&#8220;3d678457-c31c-4276-bf4c-3df7c9eca755&#8243; global_colors_info=&#8220;{}&#8220;][\/et_pb_blurb][\/et_pb_column][et_pb_column type=&#8220;3_5&#8243; _builder_version=&#8220;4.16&#8243; _module_preset=&#8220;default&#8220; global_colors_info=&#8220;{}&#8220;][et_pb_blurb title=&#8220;Unbegrenzte Wellness-Nutzung&#8220; image=&#8220;https:\/\/www.hotelvisegrad.hu\/wp-content\/uploads\/IMG_20230325_090921-scaled.jpg&#8220; _builder_version=&#8220;4.21.0&#8243; _module_preset=&#8220;3d678457-c31c-4276-bf4c-3df7c9eca755&#8243; global_colors_info=&#8220;{}&#8220;]<\/p>\n<p>Finnische und Infrarot-Sauna, Dampfkabine, Panorama-Whirlpool, beheizter Innenpool, Au\u00dfenpool<\/p>\n<p>[\/et_pb_blurb][et_pb_blurb title=&#8220;Einmal K\u00f6nigliches Festmahl im Restaurant Renaissance &#8220; image=&#8220;https:\/\/hotelvisegrad.hu\/wp-content\/uploads\/IMG_1224-Nagy.jpg&#8220; _builder_version=&#8220;4.16&#8243; _module_preset=&#8220;3d678457-c31c-4276-bf4c-3df7c9eca755&#8243; global_colors_info=&#8220;{}&#8220;]<\/p>\n<p>Mit Aperitif, unbegrenzt Rot- und Wei\u00dfwein und alkoholfreien Getr\u00e4nken<\/p>\n<p>[\/et_pb_blurb][et_pb_blurb title=&#8220;Abendessen im Restaurant Sir\u00e1ly (unmittelbar neben dem Hotel)&#8220; image=&#8220;https:\/\/hotelvisegrad.hu\/wp-content\/uploads\/IMG_4875-Nagy.jpg&#8220; _builder_version=&#8220;4.16&#8243; _module_preset=&#8220;3d678457-c31c-4276-bf4c-3df7c9eca755&#8243; global_colors_info=&#8220;{}&#8220;]<\/p>\n<p>Buffet oder a&#8217;la carte je nach Anzahl der G\u00e4ste<\/p>\n<p>[\/et_pb_blurb][\/et_pb_column][\/et_pb_row][\/et_pb_section][et_pb_section fb_built=&#8220;1&#8243; prev_background_color=&#8220;#E14B3B&#8220; _builder_version=&#8220;4.16&#8243; _module_preset=&#8220;default&#8220; background_image=&#8220;https:\/\/hotelvisegrad.hu\/wp-content\/uploads\/hatter1.png&#8220; top_divider_style=&#8220;slant2&#8243; global_colors_info=&#8220;{}&#8220;][et_pb_row _builder_version=&#8220;4.16&#8243; _module_preset=&#8220;default&#8220; custom_padding=&#8220;50px||||false|false&#8220; global_colors_info=&#8220;{}&#8220;][et_pb_column type=&#8220;4_4&#8243; _builder_version=&#8220;4.16&#8243; _module_preset=&#8220;default&#8220; global_colors_info=&#8220;{}&#8220;][et_pb_text _builder_version=&#8220;4.16&#8243; _module_preset=&#8220;default&#8220; header_text_color=&#8220;#1c8b98&#8243; custom_margin=&#8220;||0px||false|false&#8220; custom_padding=&#8220;||0px||false|false&#8220; global_colors_info=&#8220;{}&#8220;]<\/p>\n<h1 class=\"widget-title\" style=\"text-align: center;\">Buchen Sie online mit den folgenden Vorteilen<\/h1>\n<p>[\/et_pb_text][et_pb_divider color=&#8220;#1c8b98&#8243; divider_weight=&#8220;2px&#8220; _builder_version=&#8220;4.16&#8243; _module_preset=&#8220;default&#8220; width=&#8220;20%&#8220; module_alignment=&#8220;center&#8220; animation_style=&#8220;slide&#8220; animation_direction=&#8220;left&#8220; global_colors_info=&#8220;{}&#8220;][\/et_pb_divider][\/et_pb_column][\/et_pb_row][et_pb_row column_structure=&#8220;1_2,1_2&#8243; _builder_version=&#8220;4.16&#8243; _module_preset=&#8220;default&#8220; global_colors_info=&#8220;{}&#8220;][et_pb_column type=&#8220;1_2&#8243; _builder_version=&#8220;4.16&#8243; _module_preset=&#8220;default&#8220; global_colors_info=&#8220;{}&#8220;][et_pb_blurb title=&#8220;Bester Preis garantiert!&#8220; use_icon=&#8220;on&#8220; font_icon=&#8220;&#xe0f3;||divi||400&#8243; icon_color=&#8220;#1c8b98&#8243; _builder_version=&#8220;4.16&#8243; _module_preset=&#8220;default&#8220; text_orientation=&#8220;center&#8220; global_colors_info=&#8220;{}&#8220;][\/et_pb_blurb][\/et_pb_column][et_pb_column type=&#8220;1_2&#8243; _builder_version=&#8220;4.16&#8243; _module_preset=&#8220;default&#8220; global_colors_info=&#8220;{}&#8220;][et_pb_blurb title=&#8220;Bunte Programme&#8220; use_icon=&#8220;on&#8220; font_icon=&#8220;&#xe075;||divi||400&#8243; icon_color=&#8220;#1c8b98&#8243; _builder_version=&#8220;4.16&#8243; _module_preset=&#8220;default&#8220; text_orientation=&#8220;center&#8220; global_colors_info=&#8220;{}&#8220;][\/et_pb_blurb][\/et_pb_column][\/et_pb_row][et_pb_row column_structure=&#8220;1_2,1_2&#8243; make_equal=&#8220;on&#8220; _builder_version=&#8220;4.16&#8243; _module_preset=&#8220;default&#8220; global_colors_info=&#8220;{}&#8220;][et_pb_column type=&#8220;1_2&#8243; _builder_version=&#8220;4.16&#8243; _module_preset=&#8220;default&#8220; global_colors_info=&#8220;{}&#8220;][et_pb_cta title=&#8220;Reservierung&#8220; button_url=&#8220;https:\/\/www.hotelvisegrad.hu\/de\/buchung\/&#8220; button_text=&#8220;Preisberechnung und Buchung&#8220; _builder_version=&#8220;4.16&#8243; _module_preset=&#8220;default&#8220; background_color=&#8220;#1c8b98&#8243; global_colors_info=&#8220;{}&#8220;]<\/p>\n<p>Buchen Sie Ihren Urlaub online mit sofortiger Best\u00e4tigung in wenigen Schritten und in nur 2 Minuten!<\/p>\n<p>[\/et_pb_cta][\/et_pb_column][et_pb_column type=&#8220;1_2&#8243; _builder_version=&#8220;4.16&#8243; _module_preset=&#8220;default&#8220; global_colors_info=&#8220;{}&#8220;][et_pb_cta title=&#8220;Anfrage&#8220; button_url=&#8220;https:\/\/www.hotelvisegrad.hu\/de\/anfrage\/&#8220; button_text=&#8220;Anfrage&#8220; _builder_version=&#8220;4.16&#8243; _module_preset=&#8220;default&#8220; background_color=&#8220;#1c8b98&#8243; link_option_url=&#8220;https:\/\/www.hotelvisegrad.hu\/de\/anfrage\/&#8220; global_colors_info=&#8220;{}&#8220;]<\/p>\n<p><span class=\"x4k7w5x x1h91t0o x1h9r5lt x1jfb8zj xv2umb2 x1beo9mf xaigb6o x12ejxvf x3igimt xarpa2k xedcshv x1lytzrv x1t2pt76 x7ja8zs x1qrby5j\" aria-describedby=\":r253:\"><span class=\"x1lliihq x1plvlek xryxfnj x1n2onr6 x1ji0vk5 x18bv5gf x193iq5w xeuugli x13faqbe x1vvkbs x1s928wv xhkezso x1gmr53x x1cpjm7i x1fgarty x1943h6x x1xmvt09 x6prxxf x1fcty0u xzsf02u xudqn12 x3x7a5m xq9mrsl\" dir=\"auto\">Fordern Sie ein pers\u00f6nliches Angebot von uns an!<\/span><\/span> Wir senden Ihnen sp\u00e4testens innerhalb von 24 Stunden unser pers\u00f6nliches Preisangebot zu!<\/p>\n<p>[\/et_pb_cta][\/et_pb_column][\/et_pb_row][\/et_pb_section]<\/p>\n","protected":false},"excerpt":{"rendered":"<p>Wenn Sie ein authentisches mittelalterliches Ritterturnier erleben m\u00f6chten\u2026<\/p>\n","protected":false},"author":1,"featured_media":23916,"comment_status":"open","ping_status":"open","sticky":false,"template":"","format":"standard","meta":{"_et_pb_use_builder":"on","_et_pb_old_content":"<!-- wp:paragraph -->\r\n<p>Amit ny\u00fajtunk:<\/p>\r\n<!-- \/wp:paragraph -->\r\n\r\n<!-- wp:paragraph -->\r\n<p>Wellness korl\u00e1tlanul, stb stb<\/p>\r\n<!-- \/wp:paragraph -->","_et_gb_content_width":"","footnotes":""},"categories":[920],"tags":[1391,805,1580,1577,1578,816,817,1579,335,818,819],"class_list":["post-251761","post","type-post","status-publish","format-standard","has-post-thumbnail","hentry","category-angebote","tag-dunakanyar-szallasok-de","tag-dunakanyar-szallasok","tag-internationalen-visegrader-palastspiele","tag-palastspiele-unterbringung","tag-palastspiele-unterbringung-de","tag-palotajatekok-szallas","tag-varjatekok-szallas","tag-visegrader-palastspiele","tag-visegradi-hotelek","tag-visegradi-varjatekok","tag-voisegradi-nemzetkozi-palotajatekok"],"_links":{"self":[{"href":"https:\/\/www.hotelvisegrad.hu\/de\/wp-json\/wp\/v2\/posts\/251761","targetHints":{"allow":["GET"]}}],"collection":[{"href":"https:\/\/www.hotelvisegrad.hu\/de\/wp-json\/wp\/v2\/posts"}],"about":[{"href":"https:\/\/www.hotelvisegrad.hu\/de\/wp-json\/wp\/v2\/types\/post"}],"author":[{"embeddable":true,"href":"https:\/\/www.hotelvisegrad.hu\/de\/wp-json\/wp\/v2\/users\/1"}],"replies":[{"embeddable":true,"href":"https:\/\/www.hotelvisegrad.hu\/de\/wp-json\/wp\/v2\/comments?post=251761"}],"version-history":[{"count":12,"href":"https:\/\/www.hotelvisegrad.hu\/de\/wp-json\/wp\/v2\/posts\/251761\/revisions"}],"predecessor-version":[{"id":253607,"href":"https:\/\/www.hotelvisegrad.hu\/de\/wp-json\/wp\/v2\/posts\/251761\/revisions\/253607"}],"wp:featuredmedia":[{"embeddable":true,"href":"https:\/\/www.hotelvisegrad.hu\/de\/wp-json\/wp\/v2\/media\/23916"}],"wp:attachment":[{"href":"https:\/\/www.hotelvisegrad.hu\/de\/wp-json\/wp\/v2\/media?parent=251761"}],"wp:term":[{"taxonomy":"category","embeddable":true,"href":"https:\/\/www.hotelvisegrad.hu\/de\/wp-json\/wp\/v2\/categories?post=251761"},{"taxonomy":"post_tag","embeddable":true,"href":"https:\/\/www.hotelvisegrad.hu\/de\/wp-json\/wp\/v2\/tags?post=251761"}],"curies":[{"name":"wp","href":"https:\/\/api.w.org\/{rel}","templated":true}]}}