{"id":250971,"date":"2024-09-18T12:29:24","date_gmt":"2024-09-18T12:29:24","guid":{"rendered":"https:\/\/www.hotelvisegrad.hu\/der-schoene-herbst-in-visegrad\/"},"modified":"2024-09-18T12:29:24","modified_gmt":"2024-09-18T12:29:24","slug":"der-schoene-herbst-in-visegrad","status":"publish","type":"post","link":"https:\/\/www.hotelvisegrad.hu\/de\/der-schoene-herbst-in-visegrad\/","title":{"rendered":"Der sch\u00f6ne Herbst in Visegrad&#8230;"},"content":{"rendered":"<p><strong>Jede Region hat ihre richtige Jahreszeit. Und auch wenn der Sommer in Visegrad die belebteste und lebhafteste Jahreszeit ist, gibt es nichts Sch\u00f6neres als die roten und rostroten Farben des Donauknies&#8230;<\/strong> Im Herbst verlangsamt sich alles ein wenig. Das Leben kommt endlich wieder in Schwung, der Alltag wird wieder aufgenommen, die Kinder sind in der Schule, im Kindergarten, und obwohl die Arbeit wieder beginnt, f\u00fchlt es sich umso besser an, ein Wochenende oder ein paar \u201egeliehene\u201c Wochentage mit Entspannung und ein wenig Wellness zu verbringen. Unser Herbst-Entspannungspaket ist genau das Richtige f\u00fcr Sie, wenn Sie mindestens 2 N\u00e4chte im Hotel Visegr\u00e1d bleiben und all das genie\u00dfen m\u00f6chten, was das beliebteste Familienhotel im Donauknie zu bieten hat, mit dem gr\u00f6\u00dften Angebot an Aktivit\u00e4ten in der Gegend und einem Wellnessbereich, der von morgens bis abends ge\u00f6ffnet ist. https:\/\/www.hotelvisegrad.hu\/oszi-kikapcsolodas\/<\/p>\n","protected":false},"excerpt":{"rendered":"<p>Genie\u00dfen Sie die gro\u00dfartigen Herbst-Wellnessangebote des Hotels Visegr\u00e1d und entdecken Sie das legend\u00e4re Herbstgesicht von Visegr\u00e1d.<\/p>\n","protected":false},"author":3,"featured_media":250895,"comment_status":"closed","ping_status":"closed","sticky":false,"template":"","format":"standard","meta":{"_et_pb_use_builder":"","_et_pb_old_content":"","_et_gb_content_width":"","footnotes":""},"categories":[1457],"tags":[1479,1459,1477,1468,1476,1393,1478],"class_list":["post-250971","post","type-post","status-publish","format-standard","has-post-thumbnail","hentry","category-blog-de","tag-dunakanyar-hotels","tag-herbst-wellness","tag-herbstpause","tag-herbstzeitvertreib","tag-hotel-in-visegrad-de","tag-szallas-visegradon-de","tag-wellness-paket"],"_links":{"self":[{"href":"https:\/\/www.hotelvisegrad.hu\/de\/wp-json\/wp\/v2\/posts\/250971","targetHints":{"allow":["GET"]}}],"collection":[{"href":"https:\/\/www.hotelvisegrad.hu\/de\/wp-json\/wp\/v2\/posts"}],"about":[{"href":"https:\/\/www.hotelvisegrad.hu\/de\/wp-json\/wp\/v2\/types\/post"}],"author":[{"embeddable":true,"href":"https:\/\/www.hotelvisegrad.hu\/de\/wp-json\/wp\/v2\/users\/3"}],"replies":[{"embeddable":true,"href":"https:\/\/www.hotelvisegrad.hu\/de\/wp-json\/wp\/v2\/comments?post=250971"}],"version-history":[{"count":0,"href":"https:\/\/www.hotelvisegrad.hu\/de\/wp-json\/wp\/v2\/posts\/250971\/revisions"}],"wp:featuredmedia":[{"embeddable":true,"href":"https:\/\/www.hotelvisegrad.hu\/de\/wp-json\/wp\/v2\/media\/250895"}],"wp:attachment":[{"href":"https:\/\/www.hotelvisegrad.hu\/de\/wp-json\/wp\/v2\/media?parent=250971"}],"wp:term":[{"taxonomy":"category","embeddable":true,"href":"https:\/\/www.hotelvisegrad.hu\/de\/wp-json\/wp\/v2\/categories?post=250971"},{"taxonomy":"post_tag","embeddable":true,"href":"https:\/\/www.hotelvisegrad.hu\/de\/wp-json\/wp\/v2\/tags?post=250971"}],"curies":[{"name":"wp","href":"https:\/\/api.w.org\/{rel}","templated":true}]}}