{"id":250937,"date":"2024-09-09T12:21:07","date_gmt":"2024-09-09T12:21:07","guid":{"rendered":"https:\/\/www.hotelvisegrad.hu\/verbringen-sie-die-herbstferien-in-visegrad\/"},"modified":"2024-09-09T12:21:07","modified_gmt":"2024-09-09T12:21:07","slug":"verbringen-sie-die-herbstferien-in-visegrad","status":"publish","type":"post","link":"https:\/\/www.hotelvisegrad.hu\/de\/verbringen-sie-die-herbstferien-in-visegrad\/","title":{"rendered":"Verbringen Sie die Herbstferien in Visegr\u00e1d!"},"content":{"rendered":"<p><strong>Unsere Pauschale f\u00fcr den Zeitraum vom 25. Oktober bis 5. November ist speziell f\u00fcr Familien gedacht, die die Herbstferien im Donauknie als G\u00e4ste des Hotels Visegr\u00e1d verbringen m\u00f6chten&#8230;<\/strong> Das Paket, das f\u00fcr mindestens 2 N\u00e4chte gebucht werden kann, hat alles, was wir f\u00fcr einen tollen Ort f\u00fcr einen Herbsturlaub halten. Der Wellnessbereich kann von der Ankunft am fr\u00fchen Morgen bis zur Abreise am sp\u00e4ten Abend kostenlos genutzt werden. Zus\u00e4tzlich zur Halbpension k\u00f6nnen Sie ein Renaissance-Festmahl, ein Ritterturnier oder einen Besuch des K\u00f6nigspalastes genie\u00dfen&#8230; Au\u00dferdem bieten wir eine Stadtf\u00fchrung und ein damit verbundenes spannendes historisches Quiz, die Olympiade des Handwerks, eine Wildtierschau und Bastelaktivit\u00e4ten f\u00fcr Kinder. https:\/\/www.hotelvisegrad.hu\/oszi-szunet\/<\/p>\n","protected":false},"excerpt":{"rendered":"<p>Herbstferien in Visegrad. <\/p>\n","protected":false},"author":3,"featured_media":250884,"comment_status":"closed","ping_status":"closed","sticky":false,"template":"","format":"standard","meta":{"_et_pb_use_builder":"","_et_pb_old_content":"","_et_gb_content_width":"","footnotes":""},"categories":[1457],"tags":[1459,1461,1458,1393,1460],"class_list":["post-250937","post","type-post","status-publish","format-standard","has-post-thumbnail","hentry","category-blog-de","tag-herbst-wellness","tag-herbstferien","tag-ritterturnier","tag-szallas-visegradon-de","tag-wellnessurlaub"],"_links":{"self":[{"href":"https:\/\/www.hotelvisegrad.hu\/de\/wp-json\/wp\/v2\/posts\/250937","targetHints":{"allow":["GET"]}}],"collection":[{"href":"https:\/\/www.hotelvisegrad.hu\/de\/wp-json\/wp\/v2\/posts"}],"about":[{"href":"https:\/\/www.hotelvisegrad.hu\/de\/wp-json\/wp\/v2\/types\/post"}],"author":[{"embeddable":true,"href":"https:\/\/www.hotelvisegrad.hu\/de\/wp-json\/wp\/v2\/users\/3"}],"replies":[{"embeddable":true,"href":"https:\/\/www.hotelvisegrad.hu\/de\/wp-json\/wp\/v2\/comments?post=250937"}],"version-history":[{"count":0,"href":"https:\/\/www.hotelvisegrad.hu\/de\/wp-json\/wp\/v2\/posts\/250937\/revisions"}],"wp:featuredmedia":[{"embeddable":true,"href":"https:\/\/www.hotelvisegrad.hu\/de\/wp-json\/wp\/v2\/media\/250884"}],"wp:attachment":[{"href":"https:\/\/www.hotelvisegrad.hu\/de\/wp-json\/wp\/v2\/media?parent=250937"}],"wp:term":[{"taxonomy":"category","embeddable":true,"href":"https:\/\/www.hotelvisegrad.hu\/de\/wp-json\/wp\/v2\/categories?post=250937"},{"taxonomy":"post_tag","embeddable":true,"href":"https:\/\/www.hotelvisegrad.hu\/de\/wp-json\/wp\/v2\/tags?post=250937"}],"curies":[{"name":"wp","href":"https:\/\/api.w.org\/{rel}","templated":true}]}}